{"id":230641,"date":"2026-07-17T19:26:10","date_gmt":"2026-07-17T19:26:10","guid":{"rendered":"https:\/\/www.europesays.com\/ee\/230641\/"},"modified":"2026-07-17T19:26:10","modified_gmt":"2026-07-17T19:26:10","slug":"norra-polengus-havis-ule-50-kodu-valismaa","status":"publish","type":"post","link":"https:\/\/www.europesays.com\/ee\/230641\/","title":{"rendered":"Norra p\u00f5lengus h\u00e4vis \u00fcle 50 kodu | V\u00e4lismaa"},"content":{"rendered":"<p>Norra pealinnast Oslost umbes 40 kilomeetrit edelas asuvas Drammenis s\u00fcttis reedel mitu ridaelamut.<\/p>\n<p>Kui kella kaheksa paiku teatas kohalik meedia, et h\u00e4vinud on \u00fcle 50 kodu, siis kell \u00fcheksa \u00f5htul teatas ajaleht VG juba \u00fcle saja kodu h\u00e4vimisest.<\/p>\n<p>&#8220;Tulet\u00f5rjel ei ole \u00f5nnestunud olukorda kontrolli alla saada ja tuli levib edasi. Piirkonnast kostub plahvatusi ja palume elanikel sealt eemale hoida,&#8221; \u00fctles operatiivjuht Lise Bj\u00f8rnsund rahvusringh\u00e4\u00e4lingule NRK reede \u00f5htul.<\/p>\n<p>Operatiivjuhi s\u00f5nul on levikuoht suur ning tuli on kandunud ka maastikule. Politsei saatis piirkonna elanikele ohuteavituse.<\/p>\n<p>&#8220;Lahkuge piirkonnast. Sulgege uksed, aknad ja tuulutusavad, v\u00f5imalusel l\u00fclitage ventilatsioon v\u00e4lja,&#8221; seisab ohuteates. &#8220;P\u00f5lenguga kaasneb plahvatusoht ja m\u00fcrgine suits.&#8221;<\/p>\n<p>Teadaolevalt ei ole ridaelamute elanikud viga saanud, kuid \u00fcks tulet\u00f5rjuja sai kergemaid vigastusi. Evakueeriti mitusada elanikku.<\/p>\n<p>Politsei teatas p\u00f5lengust kohaliku aja j\u00e4rgi p\u00e4rast kella 15.30. Krokstadelva p\u00e4\u00e4stekomando palus abi mitmelt teiselt p\u00e4\u00e4steteenistuselt, sealhulgas lausa Oslost.<\/p>\n<p>P\u00f5lengule reageeris v\u00e4hemalt 60 tulet\u00f5rjujat. Samuti kaasati kustutust\u00f6\u00f6dele kopterid, et heita leekidele vett.<\/p>\n<p>Esialgu pole teada, kuidas tulekahju puhkes.<\/p>\n<blockquote class=\"twitter-tweet\" data-media-max-width=\"560\">\n<p lang=\"en\" dir=\"ltr\">A large wildfire is burning through homes and terrain in the Krokstadelva area near Drammen, Norway. <a href=\"https:\/\/t.co\/gALoArLlzE\" rel=\"nofollow\">pic.twitter.com\/gALoArLlzE<\/a><\/p>\n<p>\u2014 Open Source Intel (@Osint613) <a href=\"https:\/\/x.com\/Osint613\/status\/2078148398562025969?ref_src=twsrc%5Etfw\" rel=\"nofollow\">July 17, 2026<\/a><\/p><\/blockquote>\n<p><script async src=\"https:\/\/platform.twitter.com\/widgets.js\" charset=\"utf-8\"><\/script><\/p>\n","protected":false},"excerpt":{"rendered":"Norra pealinnast Oslost umbes 40 kilomeetrit edelas asuvas Drammenis s\u00fcttis reedel mitu ridaelamut. Kui kella kaheksa paiku teatas&hellip;\n","protected":false},"author":2,"featured_media":230642,"comment_status":"","ping_status":"","sticky":false,"template":"","format":"standard","meta":{"footnotes":"","_share_on_mastodon":"0"},"categories":[5],"tags":[26,27,58450,37,33,35,34,36,31,32,21,28,29,19,1437,25,23,24,358,22,20,30],"class_list":["post-230641","post","type-post","status-publish","format-standard","has-post-thumbnail","category-uldised-uudised","tag-breaking-news","tag-breakingnews","tag-drammen","tag-ee","tag-eesti","tag-eesti-keel","tag-estonia","tag-estonian","tag-featured-news","tag-featurednews","tag-headlines","tag-latest-news","tag-latestnews","tag-news","tag-norra","tag-populaarseimad-lood","tag-top-stories","tag-topstories","tag-tulekahju","tag-uldised-uudised","tag-uudised","tag-viimased-uudised"],"share_on_mastodon":{"url":"https:\/\/pubeurope.com\/@ee\/116936965087625376","error":""},"_links":{"self":[{"href":"https:\/\/www.europesays.com\/ee\/wp-json\/wp\/v2\/posts\/230641","targetHints":{"allow":["GET"]}}],"collection":[{"href":"https:\/\/www.europesays.com\/ee\/wp-json\/wp\/v2\/posts"}],"about":[{"href":"https:\/\/www.europesays.com\/ee\/wp-json\/wp\/v2\/types\/post"}],"author":[{"embeddable":true,"href":"https:\/\/www.europesays.com\/ee\/wp-json\/wp\/v2\/users\/2"}],"replies":[{"embeddable":true,"href":"https:\/\/www.europesays.com\/ee\/wp-json\/wp\/v2\/comments?post=230641"}],"version-history":[{"count":0,"href":"https:\/\/www.europesays.com\/ee\/wp-json\/wp\/v2\/posts\/230641\/revisions"}],"wp:featuredmedia":[{"embeddable":true,"href":"https:\/\/www.europesays.com\/ee\/wp-json\/wp\/v2\/media\/230642"}],"wp:attachment":[{"href":"https:\/\/www.europesays.com\/ee\/wp-json\/wp\/v2\/media?parent=230641"}],"wp:term":[{"taxonomy":"category","embeddable":true,"href":"https:\/\/www.europesays.com\/ee\/wp-json\/wp\/v2\/categories?post=230641"},{"taxonomy":"post_tag","embeddable":true,"href":"https:\/\/www.europesays.com\/ee\/wp-json\/wp\/v2\/tags?post=230641"}],"curies":[{"name":"wp","href":"https:\/\/api.w.org\/{rel}","templated":true}]}}