{"id":230860,"date":"2026-07-18T06:41:16","date_gmt":"2026-07-18T06:41:16","guid":{"rendered":"https:\/\/www.europesays.com\/ee\/230860\/"},"modified":"2026-07-18T06:41:16","modified_gmt":"2026-07-18T06:41:16","slug":"tallinn-jattis-estonia-juurdeehituse-muinsuskaitse-eritingimused-kooskolastamata-eesti","status":"publish","type":"post","link":"https:\/\/www.europesays.com\/ee\/230860\/","title":{"rendered":"Tallinn j\u00e4ttis Estonia juurdeehituse muinsuskaitse eritingimused koosk\u00f5lastamata | Eesti"},"content":{"rendered":"<p>Tallinna linnaplaneerimise amet ei koosk\u00f5lastanud Rahvusooper Estonia juurdeehituse detailplaneeringu muinsuskaitse eritingimusi praegusel kujul.<\/p>\n<p>Tallinna linnaplaneerimise amet saatis reedel Rahvusooper Estoniale tutvumiseks ja arvamuse avaldamiseks tagasiside nende juunikuus esitatud detailplaneeringu muinsuskaitse eritingimuste taotlusele.<\/p>\n<p>Tagasisides toodi linna poolt v\u00e4lja mitmeid puudusi.<\/p>\n<p>Muu hulgas heitis linn ette, et kavand l\u00e4htub valdavalt tellija ehk Rahvusooper Estonia huvidest, kuigi muinsuskaitseseadus kohustab arvestama tasakaalustatult ka avalike huvide ja kultuurip\u00e4randi v\u00e4\u00e4rtustega.<\/p>\n<p>Samuti ei arvesta kavand Estonia teatri juurdeehitise kohta varem koostatud muinsuskaitse eritingimuste ega UNESCO suunistega.<\/p>\n<p>Linn m\u00e4rkis, et mitmed hinnangud on esitatud ilma neid toetavate t\u00f5endite ja p\u00f5hjendusteta. Samuti on mitmete kultuurip\u00e4randi objektide, sealhulgas Uue turu platsi ja Estonia teatri fassaadi v\u00e4\u00e4rtust hinnatud p\u00f5hjendamatult madalamaks kui senistes eksperdihinnangutes.<\/p>\n<p>Abilinnapea Tiit Teriku (KE) s\u00f5nul l\u00e4htus linn taotluse hindamisel kehtivast \u00f5igusest ning ekspertide hinnangutest.<\/p>\n<p>&#8220;Rahvusooper Estonia juurdeehituse k\u00fcsimus on palju avalikku k\u00f5neainet pakkunud ning kogu Eesti \u00fchiskonnale oluline teema. Ekspertide hinnangutele tuginedes saame t\u00f5deda, et esitatud taotluses on olulisi puudusi ning selle mitmed seisukohad on vastuolus nii kehtiva \u00f5iguse kui ka varasemate eksperdihinnangutega. Sellises olukorras ei ole linnal v\u00f5imalik taotlust koosk\u00f5lastada,&#8221; \u00fctles Terik.<\/p>\n<p>&#8220;Muinsuskaitse eritingimuste koostamisel peame l\u00e4htuma tasakaalustatud avalikust huvist. Need peavad objektiivselt k\u00e4sitlema k\u00f5iki kultuurip\u00e4randi v\u00e4\u00e4rtusi ning tuginema t\u00f5endatud asjaoludele. Esitatud kavand hetkel neile n\u00f5uetele ei vasta,&#8221; lisas Terik.<\/p>\n<p>Rahvusooper Estonial on v\u00f5imalik esitada linna seisukohtade kohta oma arvamus kahe n\u00e4dala jooksul. P\u00e4rast selle \u00e4rakuulamist teeb linn l\u00f5pliku otsuse detailplaneeringu muinsuskaitse eritingimuste koosk\u00f5lastamise kohta.<\/p>\n<p>Rahvusooper Estonia kavandatav juurdeehitis P\u00e4rnu maantee poolsele k\u00fcljele Uue turu platsile paikneks Tallinna vanalinna UNESCO maailmap\u00e4randi alal, mist\u00f5ttu tuleb selle kavandamisel arvestada nii muinsuskaitseliste n\u00f5uete kui ka Tallinna vanalinna kui maailmap\u00e4randi objekti s\u00e4ilimisega.<\/p>\n<p>UNESCO n\u00f5uandev organisatsioon ICOMOS on varasemates hinnangutes leidnud, et rahvusooperi soovitud mahus juurdeehitis avaldaks Tallinna vanalinna maailmap\u00e4randi v\u00e4\u00e4rtustele negatiivset m\u00f5ju ning soovitanud kaaluda kas oluliselt v\u00e4iksemat juurdeehitist v\u00f5i uue ooperimaja rajamist teise asukohta.<\/p>\n","protected":false},"excerpt":{"rendered":"Tallinna linnaplaneerimise amet ei koosk\u00f5lastanud Rahvusooper Estonia juurdeehituse detailplaneeringu muinsuskaitse eritingimusi praegusel kujul. Tallinna linnaplaneerimise amet saatis reedel&hellip;\n","protected":false},"author":2,"featured_media":230861,"comment_status":"","ping_status":"","sticky":false,"template":"","format":"standard","meta":{"footnotes":"","_share_on_mastodon":"0"},"categories":[5],"tags":[26,27,37,33,35,34,36,31,32,21,28,29,7221,19,25,189,23,24,22,797,20,30],"class_list":["post-230860","post","type-post","status-publish","format-standard","has-post-thumbnail","category-uldised-uudised","tag-breaking-news","tag-breakingnews","tag-ee","tag-eesti","tag-eesti-keel","tag-estonia","tag-estonian","tag-featured-news","tag-featurednews","tag-headlines","tag-latest-news","tag-latestnews","tag-muinsuskaitse","tag-news","tag-populaarseimad-lood","tag-rahvusooper","tag-top-stories","tag-topstories","tag-uldised-uudised","tag-unesco","tag-uudised","tag-viimased-uudised"],"share_on_mastodon":{"url":"https:\/\/pubeurope.com\/@ee\/116939619350655386","error":""},"_links":{"self":[{"href":"https:\/\/www.europesays.com\/ee\/wp-json\/wp\/v2\/posts\/230860","targetHints":{"allow":["GET"]}}],"collection":[{"href":"https:\/\/www.europesays.com\/ee\/wp-json\/wp\/v2\/posts"}],"about":[{"href":"https:\/\/www.europesays.com\/ee\/wp-json\/wp\/v2\/types\/post"}],"author":[{"embeddable":true,"href":"https:\/\/www.europesays.com\/ee\/wp-json\/wp\/v2\/users\/2"}],"replies":[{"embeddable":true,"href":"https:\/\/www.europesays.com\/ee\/wp-json\/wp\/v2\/comments?post=230860"}],"version-history":[{"count":0,"href":"https:\/\/www.europesays.com\/ee\/wp-json\/wp\/v2\/posts\/230860\/revisions"}],"wp:featuredmedia":[{"embeddable":true,"href":"https:\/\/www.europesays.com\/ee\/wp-json\/wp\/v2\/media\/230861"}],"wp:attachment":[{"href":"https:\/\/www.europesays.com\/ee\/wp-json\/wp\/v2\/media?parent=230860"}],"wp:term":[{"taxonomy":"category","embeddable":true,"href":"https:\/\/www.europesays.com\/ee\/wp-json\/wp\/v2\/categories?post=230860"},{"taxonomy":"post_tag","embeddable":true,"href":"https:\/\/www.europesays.com\/ee\/wp-json\/wp\/v2\/tags?post=230860"}],"curies":[{"name":"wp","href":"https:\/\/api.w.org\/{rel}","templated":true}]}}