{"id":230882,"date":"2026-07-18T07:21:22","date_gmt":"2026-07-18T07:21:22","guid":{"rendered":"https:\/\/www.europesays.com\/ee\/230882\/"},"modified":"2026-07-18T07:21:22","modified_gmt":"2026-07-18T07:21:22","slug":"eia-uus-nooremale-endale-praegu-on-nii-50-edasi","status":"publish","type":"post","link":"https:\/\/www.europesays.com\/ee\/230882\/","title":{"rendered":"Eia Uus: nooremale endale. &#8220;Praegu on nii&#8221; #50 \u2013 Edasi"},"content":{"rendered":"<p>\t\t\t<img loading=\"lazy\" width=\"1024\" height=\"768\" src=\"data:image\/svg+xml,%3Csvg%20xmlns=\" http:=\"\" class=\"attachment-hive-single-image size-hive-single-image wp-post-image\" alt=\"\" decoding=\"async\" data-lazy- data-lazy- data-attachment-id=\"277985\" data-permalink=\"https:\/\/edasi.org\/277625\/eia-uus-nooremale-endale-praegu-on-nii-50\/applemark\/\" data-orig-file=\"https:\/\/edasi.org\/wp-content\/uploads\/2026\/06\/1Elisa-kavand-scaled.webp\" data-orig-size=\"2048,1536\" data-comments-opened=\"0\" data-image-title=\"21-aastane Eia. Foto: Erakogu\" data-image-description=\"\" data-image-caption=\"&lt;p&gt;21-aastane Eia. Foto: Erakogu&lt;\/p&gt;&#10;\" data-large-file=\"https:\/\/www.europesays.com\/ee\/wp-content\/uploads\/2026\/07\/1Elisa-kavand-1024x768.webp\" data-lazy-src=\"https:\/\/www.europesays.com\/ee\/wp-content\/uploads\/2026\/07\/1Elisa-kavand-1024x768.webp\"\/>\t\t\t21-aastane Eia. Foto: Erakogu\t\t<\/p>\n<p class=\"intro\">M\u00f5ni aeg tagasi kutsuti mind kohtuma noorte naistega, et anda l\u00fchikese k\u00f5ne ajal oma parimat n\u00f5u ja elu \u00f5ppetunde.<\/p>\n<p>Tegu oli 18\u201325-aastaste ettev\u00f5tlike P\u00f5hjamaa naistega, kes tegutsesid erinevates valdkondades idufirmadest k\u00e4sit\u00f6\u00f6ni. Jah, huvitav oli m\u00f5elda, mida ma soovitaksin t\u00e4nap\u00e4eva noorele, aga veelgi huvitavam oli korraks m\u00f5ttes maha istuda umbes 20-aastase iseendaga.<\/p>\n<p>\t<a href=\"https:\/\/edasi.org\/tootekategooria\/tellimused\/\" aria-label=\"Edasi_SilmPuhkabNarvPuhkab2023_1200x628\" rel=\"nofollow noopener\" target=\"_blank\"><img loading=\"lazy\" decoding=\"async\" src=\"data:image\/svg+xml,%3Csvg%20xmlns=\" http:=\"\" alt=\"\" data-lazy- data-lazy- class=\"no-lazyload\" width=\"1200\" height=\"629\" data-lazy-src=\"https:\/\/www.europesays.com\/ee\/wp-content\/uploads\/2026\/07\/Edasi_SilmPuhkabNarvPuhkab2023_1200x628.webp\"\/><\/a><\/p>\n","protected":false},"excerpt":{"rendered":"21-aastane Eia. Foto: Erakogu M\u00f5ni aeg tagasi kutsuti mind kohtuma noorte naistega, et anda l\u00fchikese k\u00f5ne ajal oma&hellip;\n","protected":false},"author":2,"featured_media":230883,"comment_status":"","ping_status":"","sticky":false,"template":"","format":"standard","meta":{"footnotes":"","_share_on_mastodon":"0"},"categories":[16],"tags":[424,37,33,35,21515,15336,173,34,36,7763,178,1427,4813,140,2913,4989,12017,5560],"class_list":["post-230882","post","type-post","status-publish","format-standard","has-post-thumbnail","category-meelelahutus","tag-edasi","tag-ee","tag-eesti","tag-eesti-keel","tag-elukogemus","tag-eneseareng","tag-entertainment","tag-estonia","tag-estonian","tag-julgus","tag-kirjandus","tag-kogemus","tag-kone","tag-meelelahutus","tag-oppimine","tag-soovitused","tag-uudishimu","tag-uudishimulik"],"share_on_mastodon":{"url":"https:\/\/pubeurope.com\/@ee\/116939776849987503","error":""},"_links":{"self":[{"href":"https:\/\/www.europesays.com\/ee\/wp-json\/wp\/v2\/posts\/230882","targetHints":{"allow":["GET"]}}],"collection":[{"href":"https:\/\/www.europesays.com\/ee\/wp-json\/wp\/v2\/posts"}],"about":[{"href":"https:\/\/www.europesays.com\/ee\/wp-json\/wp\/v2\/types\/post"}],"author":[{"embeddable":true,"href":"https:\/\/www.europesays.com\/ee\/wp-json\/wp\/v2\/users\/2"}],"replies":[{"embeddable":true,"href":"https:\/\/www.europesays.com\/ee\/wp-json\/wp\/v2\/comments?post=230882"}],"version-history":[{"count":0,"href":"https:\/\/www.europesays.com\/ee\/wp-json\/wp\/v2\/posts\/230882\/revisions"}],"wp:featuredmedia":[{"embeddable":true,"href":"https:\/\/www.europesays.com\/ee\/wp-json\/wp\/v2\/media\/230883"}],"wp:attachment":[{"href":"https:\/\/www.europesays.com\/ee\/wp-json\/wp\/v2\/media?parent=230882"}],"wp:term":[{"taxonomy":"category","embeddable":true,"href":"https:\/\/www.europesays.com\/ee\/wp-json\/wp\/v2\/categories?post=230882"},{"taxonomy":"post_tag","embeddable":true,"href":"https:\/\/www.europesays.com\/ee\/wp-json\/wp\/v2\/tags?post=230882"}],"curies":[{"name":"wp","href":"https:\/\/api.w.org\/{rel}","templated":true}]}}