{"id":230966,"date":"2026-07-18T09:57:11","date_gmt":"2026-07-18T09:57:11","guid":{"rendered":"https:\/\/www.europesays.com\/ee\/230966\/"},"modified":"2026-07-18T09:57:11","modified_gmt":"2026-07-18T09:57:11","slug":"apple-tousis-taas-maailma-koige-vaartuslikumaks-ettevotteks","status":"publish","type":"post","link":"https:\/\/www.europesays.com\/ee\/230966\/","title":{"rendered":"Apple t\u00f5usis taas maailma k\u00f5ige v\u00e4\u00e4rtuslikumaks ettev\u00f5tteks"},"content":{"rendered":"<p>Apple&#8217;i turuv\u00e4\u00e4rtus ulatus reede seisuga ligikaudu 4,88 triljoni dollarini, samal ajal kui Nvidia v\u00e4\u00e4rtus langes p\u00e4rast aktsia 3,5-protsendilist kukkumist umbes 4,86 triljoni dollarini. Nvidia oli hoidnud maailma k\u00f5ige v\u00e4\u00e4rtuslikuma ettev\u00f5tte positsiooni alates 2025. aasta juunist. Apple t\u00f5usis esikohale esimest korda p\u00e4rast 2025. aasta aprilli.<\/p>\n","protected":false},"excerpt":{"rendered":"Apple&#8217;i turuv\u00e4\u00e4rtus ulatus reede seisuga ligikaudu 4,88 triljoni dollarini, samal ajal kui Nvidia v\u00e4\u00e4rtus langes p\u00e4rast aktsia 3,5-protsendilist&hellip;\n","protected":false},"author":2,"featured_media":230967,"comment_status":"","ping_status":"","sticky":false,"template":"","format":"standard","meta":{"footnotes":"","_share_on_mastodon":"0"},"categories":[14],"tags":[15685,3312,131,130,37,33,35,34,36,829,373],"class_list":["post-230966","post","type-post","status-publish","format-standard","has-post-thumbnail","category-ari","tag-aktsiaturg","tag-apple","tag-ari","tag-business","tag-ee","tag-eesti","tag-eesti-keel","tag-estonia","tag-estonian","tag-nvidia","tag-tehisintellekt"],"share_on_mastodon":{"url":"https:\/\/pubeurope.com\/@ee\/116940389977017051","error":""},"_links":{"self":[{"href":"https:\/\/www.europesays.com\/ee\/wp-json\/wp\/v2\/posts\/230966","targetHints":{"allow":["GET"]}}],"collection":[{"href":"https:\/\/www.europesays.com\/ee\/wp-json\/wp\/v2\/posts"}],"about":[{"href":"https:\/\/www.europesays.com\/ee\/wp-json\/wp\/v2\/types\/post"}],"author":[{"embeddable":true,"href":"https:\/\/www.europesays.com\/ee\/wp-json\/wp\/v2\/users\/2"}],"replies":[{"embeddable":true,"href":"https:\/\/www.europesays.com\/ee\/wp-json\/wp\/v2\/comments?post=230966"}],"version-history":[{"count":0,"href":"https:\/\/www.europesays.com\/ee\/wp-json\/wp\/v2\/posts\/230966\/revisions"}],"wp:featuredmedia":[{"embeddable":true,"href":"https:\/\/www.europesays.com\/ee\/wp-json\/wp\/v2\/media\/230967"}],"wp:attachment":[{"href":"https:\/\/www.europesays.com\/ee\/wp-json\/wp\/v2\/media?parent=230966"}],"wp:term":[{"taxonomy":"category","embeddable":true,"href":"https:\/\/www.europesays.com\/ee\/wp-json\/wp\/v2\/categories?post=230966"},{"taxonomy":"post_tag","embeddable":true,"href":"https:\/\/www.europesays.com\/ee\/wp-json\/wp\/v2\/tags?post=230966"}],"curies":[{"name":"wp","href":"https:\/\/api.w.org\/{rel}","templated":true}]}}