{"id":230968,"date":"2026-07-18T09:58:16","date_gmt":"2026-07-18T09:58:16","guid":{"rendered":"https:\/\/www.europesays.com\/ee\/230968\/"},"modified":"2026-07-18T09:58:16","modified_gmt":"2026-07-18T09:58:16","slug":"taro-venemaa-turistide-lubamine-euroopasse-on-ebamoraalne","status":"publish","type":"post","link":"https:\/\/www.europesays.com\/ee\/230968\/","title":{"rendered":"Taro: Venemaa turistide lubamine Euroopasse on ebamoraalne"},"content":{"rendered":"<p>Siseminister Igor Taro r\u00f5hutas Iirimaal Dublinis toimunud EL-i justiits- ja sisek\u00fcsimuste n\u00f5ukogu istungil vajadust \u00fchiste otsuste j\u00e4rele, mis v\u00f5imaldaks suuremaid viisapiiranguid Venemaa kodanikele.S\u00f5nab BNS.<\/p>\n<p>\u201cSee pole ainult julgeoleku, vaid ka v\u00e4\u00e4rtusk\u00fcsimus,\u201d \u00fctles Taro.<\/p>\n<p>Kohtumiste peamised teemad olid seekord rahvusvahelise organiseeritud kuritegevuse t\u00f5kestamine, EL-i viisapoliitika strateegilisem kasutamine sisejulgeoleku ja r\u00e4ndekoost\u00f6\u00f6 tugevdamiseks ning EL-i andmevahetus kolmandate riikidega.<\/p>\n<p>Igor Taro m\u00e4rkis kolleegidele peetud s\u00f5nav\u00f5tus, et Eesti vaatest on eriti oluline, et piiravad meetmed oleksid \u00fchtsed \u00fcle Euroopa Liidu ja Schengeni viisaruumi ning k\u00f5igile siduvad.<\/p>\n<p>\u201cOlen n\u00f5us Euroopa Komisjoni voliniku Magnus Brunneri sedastusega, et turismiviisade v\u00e4ljastamise kasv Venemaa kodanikele on praegusel ajahetkel t\u00e4iesti vastuv\u00f5etamatu. Sel ajal, kui tavalised ukrainlased surevad raketir\u00fcnnakutes, ei saa lubada agressorriikide kodanikel nautida Euroopas puhkust ja poodlemist, nagu midagi poleks juhtunud. Kremli sooviks ongi n\u00e4idata oma kodanikele, et s\u00f5da ei m\u00f5juta nende elu m\u00e4rkimisv\u00e4\u00e4rselt,\u201d \u00fctles Taro.<\/p>\n<p>Viisapiiranguid peab Eesti siseministri s\u00f5nul olema v\u00f5imalik kohaldada paindlikult vastavalt EL-i huvidele, h\u00f5lmates muu hulgas v\u00f5imalust kohaldada piiranguid konkreetse sihtgrupi, nt diplomaadid, teenistuspassi omanikud, endised ja praegused kombatandid, agressiooni toetavad kirikujuhid, kui ka reisi eesm\u00e4rgi l\u00f5ikes.<\/p>\n<p>\u201cViimased Schengeni baromeetri tulemused kinnitavad selgelt, et senised mittesiduvad juhised ei ole Venemaa kodanikele viisade v\u00e4ljastamiseks olnud piisavad \u2013 mittesiduvad meetmed t\u00e4hendavad mittesiduvaid tulemusi,\u201d t\u00f5des Taro.<\/p>\n<p>Eesti on varem korduvalt eri julgeolekuformaatides juhtinud t\u00e4helepanu, et Ukraina vastu agressioonis\u00f5jas olnud Venemaa kombatandid on juba praegu oma oskuste, kogemuste ja meelsuse ning v\u00e4givaldsete kalduvuste poolest pikaajaliseks ohuks kogu Euroopale.<\/p>\n<p>Vahetu s\u00f5jategevuse l\u00f5ppedes see oht vaid kasvab, sest kombatandid, kellest paljud on veel praegu Ukrainas, hakkavad otsima uusi teenimisv\u00f5imalusi ja varasemad kogemused viitavad, et sageli seovad end organiseeritud kuritegevusega v\u00f5i muu v\u00e4givaldse tegevusega, olles ka v\u00e4rbamisallikaks eriteenistustele ja \u00e4\u00e4rmusr\u00fchmitustele.<\/p>\n<p>Eesti initsiatiiviga vene kombatantide kandmiseks Schengeni musta nimekirja on liitunud n\u00e4iteks L\u00e4ti, Leedu, T\u0161ehhi ning sellele on toetust teiste hulgas avaldanud ka Soome, Rootsi, Norra ja Saksamaa.<\/p>\n<p>Need isikud on kasvavaks ohuks kogu Euroopale ja ohu maandamiseks tuleb rakendada meetmeid kiireloomuliselt juba praegu ning on oluline, et inimestele, keda peetakse julgeolekuohuks, oleks viisade, aga ka elamislubade v\u00e4ljastamine piiratud.<\/p>\n","protected":false},"excerpt":{"rendered":"Siseminister Igor Taro r\u00f5hutas Iirimaal Dublinis toimunud EL-i justiits- ja sisek\u00fcsimuste n\u00f5ukogu istungil vajadust \u00fchiste otsuste j\u00e4rele, mis&hellip;\n","protected":false},"author":2,"featured_media":199204,"comment_status":"","ping_status":"","sticky":false,"template":"","format":"standard","meta":{"footnotes":"","_share_on_mastodon":"0"},"categories":[80],"tags":[26,27,92660,37,33,35,34,36,31,32,21,28,29,95,19,25,92661,9604,23,24,22,20,96,92662,30,92,93,94],"class_list":["post-230968","post","type-post","status-publish","format-standard","has-post-thumbnail","category-maailm","tag-breaking-news","tag-breakingnews","tag-ebanormaalne","tag-ee","tag-eesti","tag-eesti-keel","tag-estonia","tag-estonian","tag-featured-news","tag-featurednews","tag-headlines","tag-latest-news","tag-latestnews","tag-maailm","tag-news","tag-populaarseimad-lood","tag-schengeni-musta-nimekirja","tag-taro","tag-top-stories","tag-topstories","tag-uldised-uudised","tag-uudised","tag-venemaa","tag-venemaa-kodanikele","tag-viimased-uudised","tag-world","tag-world-news","tag-worldnews"],"share_on_mastodon":{"url":"https:\/\/pubeurope.com\/@ee\/116940394041826680","error":""},"_links":{"self":[{"href":"https:\/\/www.europesays.com\/ee\/wp-json\/wp\/v2\/posts\/230968","targetHints":{"allow":["GET"]}}],"collection":[{"href":"https:\/\/www.europesays.com\/ee\/wp-json\/wp\/v2\/posts"}],"about":[{"href":"https:\/\/www.europesays.com\/ee\/wp-json\/wp\/v2\/types\/post"}],"author":[{"embeddable":true,"href":"https:\/\/www.europesays.com\/ee\/wp-json\/wp\/v2\/users\/2"}],"replies":[{"embeddable":true,"href":"https:\/\/www.europesays.com\/ee\/wp-json\/wp\/v2\/comments?post=230968"}],"version-history":[{"count":0,"href":"https:\/\/www.europesays.com\/ee\/wp-json\/wp\/v2\/posts\/230968\/revisions"}],"wp:featuredmedia":[{"embeddable":true,"href":"https:\/\/www.europesays.com\/ee\/wp-json\/wp\/v2\/media\/199204"}],"wp:attachment":[{"href":"https:\/\/www.europesays.com\/ee\/wp-json\/wp\/v2\/media?parent=230968"}],"wp:term":[{"taxonomy":"category","embeddable":true,"href":"https:\/\/www.europesays.com\/ee\/wp-json\/wp\/v2\/categories?post=230968"},{"taxonomy":"post_tag","embeddable":true,"href":"https:\/\/www.europesays.com\/ee\/wp-json\/wp\/v2\/tags?post=230968"}],"curies":[{"name":"wp","href":"https:\/\/api.w.org\/{rel}","templated":true}]}}