{"id":231019,"date":"2026-07-18T11:24:15","date_gmt":"2026-07-18T11:24:15","guid":{"rendered":"https:\/\/www.europesays.com\/ee\/231019\/"},"modified":"2026-07-18T11:24:15","modified_gmt":"2026-07-18T11:24:15","slug":"fotod-ja-video-pea-kahemeetrine-noep-parast-ralliautoga-soitmist-munad-olid-kull-litsutud","status":"publish","type":"post","link":"https:\/\/www.europesays.com\/ee\/231019\/","title":{"rendered":"FOTOD ja VIDEO | Pea kahemeetrine NO\u00cbP p\u00e4rast ralliautoga s\u00f5itmist: munad olid k\u00fcll litsutud"},"content":{"rendered":"<p>NO\u00cbP tunnistas, et ralliautos kaasa s\u00f5itmine pakkus k\u00f5vasti adrenaliini ning autoroolis olnud Jon Armstrong ei hoidnud end sugugi tagasi. \u201eKusjuures munad olid litsutud k\u00fcll,\u201c naeris ta. \u201eAga Jon pani korralikult full send\u2019i. V\u00e4ga lahe, v\u00e4ga lahe kogemus.\u201c<\/p>\n<p>Muusiku s\u00f5nul ei tundnud ta s\u00f5idu ajal siiski kordagi hirmu oma elu p\u00e4rast. Vastupidi, ta nautis adrenaliini ning avaldas tunnustust rallis\u00f5itja oskustele. \u201eSee on ebareaalne skill k\u00fcll, mis nendel rallijuhtidel on. See on nagu ikkagi maailmaklass. Ilmselgelt. Aga v\u00e4ga lahe ise niimoodi kogeda seda.\u201c<\/p>\n<p>Oled juba tellija?Logi sisse<\/p>\n<p><a href=\"https:\/\/kroonika.delfi.ee\/artikkel\/120597916\/fotod-ja-video-pea-kahemeetrine-noep-parast-ralliautoga-soitmist-munad-olid-kull-litsutud\/kommentaarid\" class=\"article-body-bottom__comment article-body-bottom__comment--write button button--primary button--size-auto\" rel=\"nofollow noopener\" target=\"_blank\"> Kommenteeri <\/a><a href=\"https:\/\/kroonika.delfi.ee\/artikkel\/120597916\/fotod-ja-video-pea-kahemeetrine-noep-parast-ralliautoga-soitmist-munad-olid-kull-litsutud\/kommentaarid\" class=\"article-body-bottom__comment article-body-bottom__comment--read button button--size-auto\" rel=\"nofollow noopener\" target=\"_blank\"> Loe kommentaare (15)<\/a><\/p>\n","protected":false},"excerpt":{"rendered":"NO\u00cbP tunnistas, et ralliautos kaasa s\u00f5itmine pakkus k\u00f5vasti adrenaliini ning autoroolis olnud Jon Armstrong ei hoidnud end sugugi&hellip;\n","protected":false},"author":2,"featured_media":231020,"comment_status":"","ping_status":"","sticky":false,"template":"","format":"standard","meta":{"footnotes":"","_share_on_mastodon":"0"},"categories":[18],"tags":[37,33,35,34,36,7490,16538,5352,159,158],"class_list":["post-231019","post","type-post","status-publish","format-standard","has-post-thumbnail","category-sport","tag-ee","tag-eesti","tag-eesti-keel","tag-estonia","tag-estonian","tag-jon-armstrong","tag-noep","tag-rally-estonia","tag-sport","tag-sports"],"share_on_mastodon":{"url":"https:\/\/pubeurope.com\/@ee\/116940732276152170","error":""},"_links":{"self":[{"href":"https:\/\/www.europesays.com\/ee\/wp-json\/wp\/v2\/posts\/231019","targetHints":{"allow":["GET"]}}],"collection":[{"href":"https:\/\/www.europesays.com\/ee\/wp-json\/wp\/v2\/posts"}],"about":[{"href":"https:\/\/www.europesays.com\/ee\/wp-json\/wp\/v2\/types\/post"}],"author":[{"embeddable":true,"href":"https:\/\/www.europesays.com\/ee\/wp-json\/wp\/v2\/users\/2"}],"replies":[{"embeddable":true,"href":"https:\/\/www.europesays.com\/ee\/wp-json\/wp\/v2\/comments?post=231019"}],"version-history":[{"count":0,"href":"https:\/\/www.europesays.com\/ee\/wp-json\/wp\/v2\/posts\/231019\/revisions"}],"wp:featuredmedia":[{"embeddable":true,"href":"https:\/\/www.europesays.com\/ee\/wp-json\/wp\/v2\/media\/231020"}],"wp:attachment":[{"href":"https:\/\/www.europesays.com\/ee\/wp-json\/wp\/v2\/media?parent=231019"}],"wp:term":[{"taxonomy":"category","embeddable":true,"href":"https:\/\/www.europesays.com\/ee\/wp-json\/wp\/v2\/categories?post=231019"},{"taxonomy":"post_tag","embeddable":true,"href":"https:\/\/www.europesays.com\/ee\/wp-json\/wp\/v2\/tags?post=231019"}],"curies":[{"name":"wp","href":"https:\/\/api.w.org\/{rel}","templated":true}]}}