{"id":231116,"date":"2026-07-18T13:39:11","date_gmt":"2026-07-18T13:39:11","guid":{"rendered":"https:\/\/www.europesays.com\/ee\/231116\/"},"modified":"2026-07-18T13:39:11","modified_gmt":"2026-07-18T13:39:11","slug":"ullatav-%e2%9f%a9-miks-saased-monda-inimest-rohkem-himustavad-kui-teisi","status":"publish","type":"post","link":"https:\/\/www.europesays.com\/ee\/231116\/","title":{"rendered":"\u00dcLLATAV \u27e9 Miks s\u00e4\u00e4sed m\u00f5nda inimest rohkem himustavad kui teisi?"},"content":{"rendered":"<p>Paljud inimesed tunnevad, et nad on justkui \u00abs\u00e4\u00e4semagnetid\u00bb: piisab l\u00fchikesest \u00f5ues viibimisest ja nahk on t\u00e4is s\u00fcgelevaid punne, samal ajal kui k\u00f5rval olevad inimesed p\u00e4\u00e4sevad peaaegu t\u00e4iesti puutumata. See ei ole aga seotud sellega, et m\u00f5ne inimese veri oleks \u00abmagusam\u00bb. Tegelikult juhinduvad s\u00e4\u00e4sed mitmest keha eraldatavast bioloogilisest m\u00e4rgist, mille abil nad oma ohvrid \u00fcles leiavad.<\/p>\n","protected":false},"excerpt":{"rendered":"Paljud inimesed tunnevad, et nad on justkui \u00abs\u00e4\u00e4semagnetid\u00bb: piisab l\u00fchikesest \u00f5ues viibimisest ja nahk on t\u00e4is s\u00fcgelevaid punne,&hellip;\n","protected":false},"author":2,"featured_media":231117,"comment_status":"","ping_status":"","sticky":false,"template":"","format":"standard","meta":{"footnotes":"","_share_on_mastodon":"0"},"categories":[12],"tags":[3427,26,27,37,33,35,1644,34,36,31,32,21,691,2670,6678,28,29,6679,3900,19,25,1440,6681,6684,6683,23,24,22,20,6680,30,6682],"class_list":["post-231116","post","type-post","status-publish","format-standard","has-post-thumbnail","category-eesti","tag-aed","tag-breaking-news","tag-breakingnews","tag-ee","tag-eesti","tag-eesti-keel","tag-ehitus","tag-estonia","tag-estonian","tag-featured-news","tag-featurednews","tag-headlines","tag-kinnisvara","tag-kodu","tag-korter","tag-latest-news","tag-latestnews","tag-maja","tag-muuk","tag-news","tag-populaarseimad-lood","tag-remont","tag-rent","tag-sisekujundus","tag-sisustus","tag-top-stories","tag-topstories","tag-uldised-uudised","tag-uudised","tag-uur","tag-viimased-uudised","tag-viimistlus"],"share_on_mastodon":{"url":"https:\/\/pubeurope.com\/@ee\/116941262977819145","error":""},"_links":{"self":[{"href":"https:\/\/www.europesays.com\/ee\/wp-json\/wp\/v2\/posts\/231116","targetHints":{"allow":["GET"]}}],"collection":[{"href":"https:\/\/www.europesays.com\/ee\/wp-json\/wp\/v2\/posts"}],"about":[{"href":"https:\/\/www.europesays.com\/ee\/wp-json\/wp\/v2\/types\/post"}],"author":[{"embeddable":true,"href":"https:\/\/www.europesays.com\/ee\/wp-json\/wp\/v2\/users\/2"}],"replies":[{"embeddable":true,"href":"https:\/\/www.europesays.com\/ee\/wp-json\/wp\/v2\/comments?post=231116"}],"version-history":[{"count":0,"href":"https:\/\/www.europesays.com\/ee\/wp-json\/wp\/v2\/posts\/231116\/revisions"}],"wp:featuredmedia":[{"embeddable":true,"href":"https:\/\/www.europesays.com\/ee\/wp-json\/wp\/v2\/media\/231117"}],"wp:attachment":[{"href":"https:\/\/www.europesays.com\/ee\/wp-json\/wp\/v2\/media?parent=231116"}],"wp:term":[{"taxonomy":"category","embeddable":true,"href":"https:\/\/www.europesays.com\/ee\/wp-json\/wp\/v2\/categories?post=231116"},{"taxonomy":"post_tag","embeddable":true,"href":"https:\/\/www.europesays.com\/ee\/wp-json\/wp\/v2\/tags?post=231116"}],"curies":[{"name":"wp","href":"https:\/\/api.w.org\/{rel}","templated":true}]}}