{"id":231188,"date":"2026-07-18T15:42:13","date_gmt":"2026-07-18T15:42:13","guid":{"rendered":"https:\/\/www.europesays.com\/ee\/231188\/"},"modified":"2026-07-18T15:42:13","modified_gmt":"2026-07-18T15:42:13","slug":"seiklus-missugune-vormsi-saarele-esinema-kiirustanud-noep-jai-praamist-maha","status":"publish","type":"post","link":"https:\/\/www.europesays.com\/ee\/231188\/","title":{"rendered":"Seiklus missugune! Vormsi saarele esinema kiirustanud NO\u00cbP j\u00e4i praamist maha"},"content":{"rendered":"<p>Reede \u00f5htul pidi NO\u00cbP ehk Andres K\u00f5pper (36) esinema Vormsi Vaibil. Oma Instagrami story\u2019des r\u00e4\u00e4kis ta, kuidas ta oli enda arvates \u00f5igeks ajaks Rohuk\u00fcla sadamasse j\u00f5udnud ja j\u00e4i praami ootama.<\/p>\n<p>P\u00e4rast pikemat ootamist selgus, et ta oli oodanud vales kohas. Selleks ajaks, kui eksitus selgus, oli Vormsi praam juba merel.<\/p>\n<p><img decoding=\"async\" src=\"https:\/\/www.europesays.com\/ee\/wp-content\/uploads\/2026\/07\/2fffc056-e47a-452c-8781-254360ad1302.jpg\" loading=\"lazy\" alt=\"NO\u00cbP j\u00e4i Vormsi praamist maha \"\/><\/p>\n<p>\u00d5nneks ei pidanud NO\u00cbP j\u00e4rgmist praami ootama, vaid Vormsi Vaibi korraldaja s\u00f5itis muusikule Rohuk\u00fcla sadamasse j\u00e4rele.<\/p>\n<p><img decoding=\"async\" src=\"https:\/\/www.europesays.com\/ee\/wp-content\/uploads\/2026\/07\/a9512102-08af-4961-8bbf-78d305de6792.jpg\" loading=\"lazy\" alt=\"Korraldaja s\u00f5itis NO\u00cbPile Rohuk\u00fcla sadamasse j\u00e4rele\"\/><\/p>\n<p>NO\u00cbPi teekond Vormaile sai \u00f5nneliku l\u00f5pu ning muusik j\u00f5udis lavale vaid k\u00fcmneminutilise hilinemisega.<\/p>\n<p><img decoding=\"async\" src=\"https:\/\/www.europesays.com\/ee\/wp-content\/uploads\/2026\/07\/7f11a6d4-0eb5-448c-9753-e69d78ed46c0.jpg\" loading=\"lazy\" alt=\"NO\u00cbP esinemas Vormsi Vaibil\"\/><\/p>\n<p>Esitas Delfi Rally Estonial uue loo<\/p>\n<p>Delfi Rally Estonia sai avapaugu neljap\u00e4eval, kui Tartu Raekoja platsil toimus suurejooneline avatseremoonia, kus esines <a rel=\"noopener nofollow\" target=\"_blank\" href=\"https:\/\/www.delfi.ee\/teema\/96843032\/an-marlen\" data-rel-date-range=\"[]\">An-Marleni<\/a> k\u00f5rval ka <a rel=\"noopener nofollow\" target=\"_blank\" href=\"https:\/\/www.delfi.ee\/teema\/72239409\/noep\" data-rel-date-range=\"[]\">NO\u00cbP<\/a>, kes esitas Robert Virvese tsitaadist inspireeritud uue laulu \u201eFull Send\u201c.<\/p>\n<p>NO\u00cbP r\u00e4\u00e4kis hiljuti <a rel=\"noopener follow nofollow\" target=\"_blank\" href=\"https:\/\/kroonika.delfi.ee\/artikkel\/120596319\/video-kas-robert-virves-kirjutas-noepi-uue-laulu-vaata-kuidas-sundis-rallihumn-full-send\" data-rel-date-range=\"[]\">Kroonikale<\/a>, et pealkirjas kasutatud s\u00f5napaar \u201eFull Send\u201c p\u00e4rineb Eesti rallis\u00f5itjalt Robert Virveselt, kes \u00fches intervjuus need kuulsad s\u00f5nad \u00fctles. \u201eSee tundus olevat t\u00e4pselt selline l\u00f5bus tsitaat: \u201eBig balls and full send\u201c. Ma arvan, et see v\u00f5tab ralli p\u00e4ris h\u00e4sti kokku,\u201c avaldas ta. S\u00f5napaar t\u00e4hendab rallimaailmas seda, et s\u00f5itja paneb t\u00e4iega ega hoia ennast tagasi. \u201eSee on ka tore s\u00f5napaar sellep\u00e4rast, et \u00fcle\u00fcldse elus peab elama t\u00e4iega, t\u00e4iel rinnal. Selle baasil kirjutasin laulule ka \u00fclej\u00e4\u00e4nud s\u00f5nad,\u201c \u00fctles NO\u00cbP.<\/p>\n<p>Laulu, kus kasutusel Robert Virvese tsitaat, on rallis\u00f5itja ka ise kuulnud. \u201eTalle v\u00e4ga meeldis. Ta on kahe k\u00e4ega kaasas sellega, mul on v\u00e4ga hea meel,\u201c \u00fctles artist.<\/p>\n<p><a href=\"http:\/\/kroonika.delfi.ee\/artikkel\/120597890\/video-noep-esitas-delfi-rally-estonial-uue-loo-full-send#dalrel-in-article\" class=\"content-embedded-articles-single__embedded-article\" data-v-469265ed=\"\" rel=\"nofollow noopener\" target=\"_blank\"><\/p>\n<p> 17.07.2026 <\/p>\n<p> VIDEO | N\u00d6EP esitas Delfi Rally Estonial uue loo \u201eFull Send\u201c   (1) <\/p>\n<p><\/a>Kuidas see lugu Sind end tundma pani? Saada <a href=\"https:\/\/kroonika.delfi.ee\/artikkel\/120598092\/seiklus-missugune-vormsi-saarele-esinema-kiirustanud-noep-jai-praamist-maha\/kommentaarid\" class=\"article-body-bottom__comment article-body-bottom__comment--write button button--primary button--size-auto\" rel=\"nofollow noopener\" target=\"_blank\"> Kommenteeri <\/a><a href=\"https:\/\/kroonika.delfi.ee\/artikkel\/120598092\/seiklus-missugune-vormsi-saarele-esinema-kiirustanud-noep-jai-praamist-maha\/kommentaarid\" class=\"article-body-bottom__comment article-body-bottom__comment--read button button--size-auto\" rel=\"nofollow noopener\" target=\"_blank\"> Loe kommentaare (4)<\/a><\/p>\n","protected":false},"excerpt":{"rendered":"Reede \u00f5htul pidi NO\u00cbP ehk Andres K\u00f5pper (36) esinema Vormsi Vaibil. Oma Instagrami story\u2019des r\u00e4\u00e4kis ta, kuidas ta&hellip;\n","protected":false},"author":2,"featured_media":231189,"comment_status":"","ping_status":"","sticky":false,"template":"","format":"standard","meta":{"footnotes":"","_share_on_mastodon":"0"},"categories":[12],"tags":[26,27,37,33,35,34,36,31,32,21,28,29,19,16538,25,23,24,22,20,30],"class_list":["post-231188","post","type-post","status-publish","format-standard","has-post-thumbnail","category-eesti","tag-breaking-news","tag-breakingnews","tag-ee","tag-eesti","tag-eesti-keel","tag-estonia","tag-estonian","tag-featured-news","tag-featurednews","tag-headlines","tag-latest-news","tag-latestnews","tag-news","tag-noep","tag-populaarseimad-lood","tag-top-stories","tag-topstories","tag-uldised-uudised","tag-uudised","tag-viimased-uudised"],"share_on_mastodon":{"url":"https:\/\/pubeurope.com\/@ee\/116941747088290585","error":""},"_links":{"self":[{"href":"https:\/\/www.europesays.com\/ee\/wp-json\/wp\/v2\/posts\/231188","targetHints":{"allow":["GET"]}}],"collection":[{"href":"https:\/\/www.europesays.com\/ee\/wp-json\/wp\/v2\/posts"}],"about":[{"href":"https:\/\/www.europesays.com\/ee\/wp-json\/wp\/v2\/types\/post"}],"author":[{"embeddable":true,"href":"https:\/\/www.europesays.com\/ee\/wp-json\/wp\/v2\/users\/2"}],"replies":[{"embeddable":true,"href":"https:\/\/www.europesays.com\/ee\/wp-json\/wp\/v2\/comments?post=231188"}],"version-history":[{"count":0,"href":"https:\/\/www.europesays.com\/ee\/wp-json\/wp\/v2\/posts\/231188\/revisions"}],"wp:featuredmedia":[{"embeddable":true,"href":"https:\/\/www.europesays.com\/ee\/wp-json\/wp\/v2\/media\/231189"}],"wp:attachment":[{"href":"https:\/\/www.europesays.com\/ee\/wp-json\/wp\/v2\/media?parent=231188"}],"wp:term":[{"taxonomy":"category","embeddable":true,"href":"https:\/\/www.europesays.com\/ee\/wp-json\/wp\/v2\/categories?post=231188"},{"taxonomy":"post_tag","embeddable":true,"href":"https:\/\/www.europesays.com\/ee\/wp-json\/wp\/v2\/tags?post=231188"}],"curies":[{"name":"wp","href":"https:\/\/api.w.org\/{rel}","templated":true}]}}