{"id":231283,"date":"2026-07-18T19:14:18","date_gmt":"2026-07-18T19:14:18","guid":{"rendered":"https:\/\/www.europesays.com\/ee\/231283\/"},"modified":"2026-07-18T19:14:18","modified_gmt":"2026-07-18T19:14:18","slug":"norras-mollav-tulekahju-on-havitanud-ule-saja-ridaelamuboksi-maailm-postimees-ee","status":"publish","type":"post","link":"https:\/\/www.europesays.com\/ee\/231283\/","title":{"rendered":"Norras m\u00f6llav tulekahju on h\u00e4vitanud \u00fcle saja ridaelamuboksi &#8211; Maailm &#8211; Postimees.ee"},"content":{"rendered":"<ol>\n<li><a href=\"https:\/\/news.google.com\/rss\/articles\/CBMinAFBVV95cUxQVER0a0hqVDB1OVlJUnkwVTl1MG5PNHpBcDdabGhvWnl3dzFXcmUyVjMzb0ZjczlrQ2VpandJUTJXWVJmRjkzWldfM3p5RHRzSzk3VUJ6M1BHaDBIbTNDYU1mOEQwbjZTQ0NuOGJNWDR3U2FZV0ZRay15c3ZpZFloVjBDNzV4dEZQV2gwWUJQZ25JMHpxaVB6M3BYX1g?oc=5\" target=\"_blank\" rel=\"nofollow noopener\">Norras m\u00f6llav tulekahju on h\u00e4vitanud \u00fcle saja ridaelamuboksi<\/a>&nbsp;&nbsp;Maailm &#8211; Postimees.ee<\/li>\n<li><a href=\"https:\/\/news.google.com\/rss\/articles\/CBMib0FVX3lxTFBWWWR0NFJ2ZWNQS1EwSjNYUkszazNOX2FENkU4NFNGdXdRS1VFRzhkUGsxcUxFUkZsOWZtM1lqNzZLTThnalRBNlc5dGNwaXBzSGxhSG5aM3IwdndFbUVKdHpfb2UtUlUyZVVxN0JCdw?oc=5\" target=\"_blank\" rel=\"nofollow noopener\">Norra p\u00f5lengus h\u00e4vis \u00fcle 50 kodu<\/a>&nbsp;&nbsp;ERR<\/li>\n<li><a href=\"https:\/\/news.google.com\/rss\/articles\/CBMixwFBVV95cUxOaEU2Nk0wNzFpaWNPcnIyU19TaFZMaG1yUWJ5UDhVNHJiZmNTTWFLZXI2bTZKWTN0RGpXZnE3clhPSTVqWFl6UUNIZ1FWeWNYakpMQktqWHpjQ3pBckl2MGZjSFpBUm5wNTBQeHhDcWs5NEtIS1E2TExlejNtUXV0NnRXNkZXWXhXX0JmdmdOeFB2VmJUM0Q3ZVFTVTNodXI5RUVIem10b2RvVjdOMl9RY3NUUUxKclgycGl1RFFUNlJFa3BKLXl3?oc=5\" target=\"_blank\" rel=\"nofollow noopener\">Ulatuslik p\u00f5leng Norras: h\u00e4vinud on enam kui sada kodu, tulet\u00f5rjujad j\u00e4tkavad kustutust\u00f6id<\/a>&nbsp;&nbsp;Delfi<\/li>\n<li><a href=\"https:\/\/news.google.com\/rss\/articles\/CBMie0FVX3lxTE1BdFhvRS1RSTFQNmY3ejNPeGtZWHlESjZHLUowV3FfaHFHbExMa0lEeVZtSTR1dWZIM09vUl81UkU3c2V0eXMtaEx0NWhCRUN0c0luRWgyelk3UDFhVm5zenNtLXl0M1ZsZl9FYzA0bmJUR2NYSElfTjI1QQ?oc=5\" target=\"_blank\" rel=\"nofollow noopener\">Norra suurtulekahjus h\u00e4vis \u00fcle 100 maja<\/a>&nbsp;&nbsp;\u00d5htuleht<\/li>\n<li><a href=\"https:\/\/news.google.com\/rss\/articles\/CBMiP0FVX3lxTE9DZ3BobDFvU3gwSHBsLVBxS3VKVU5OZ19tdEFrMHdBQnAycFpsZFF5WFlIdU5FT1EtOTJtT2xsYw?oc=5\" target=\"_blank\" rel=\"nofollow noopener\">EL kehtestas uued sanktsioonid Venemaa droonitootjatele<\/a>&nbsp;&nbsp;Uudis.net<\/li>\n<\/ol>\n","protected":false},"excerpt":{"rendered":"Norras m\u00f6llav tulekahju on h\u00e4vitanud \u00fcle saja ridaelamuboksi&nbsp;&nbsp;Maailm &#8211; Postimees.ee Norra p\u00f5lengus h\u00e4vis \u00fcle 50 kodu&nbsp;&nbsp;ERR Ulatuslik p\u00f5leng&hellip;\n","protected":false},"author":2,"featured_media":231284,"comment_status":"","ping_status":"","sticky":false,"template":"","format":"standard","meta":{"footnotes":"","_share_on_mastodon":"0"},"categories":[5],"tags":[26,27,58450,37,33,35,34,36,31,32,21,28,29,19,1437,25,2578,23,24,358,22,20,30],"class_list":["post-231283","post","type-post","status-publish","format-standard","has-post-thumbnail","category-uldised-uudised","tag-breaking-news","tag-breakingnews","tag-drammen","tag-ee","tag-eesti","tag-eesti-keel","tag-estonia","tag-estonian","tag-featured-news","tag-featurednews","tag-headlines","tag-latest-news","tag-latestnews","tag-news","tag-norra","tag-populaarseimad-lood","tag-skandinaavia","tag-top-stories","tag-topstories","tag-tulekahju","tag-uldised-uudised","tag-uudised","tag-viimased-uudised"],"share_on_mastodon":{"url":"https:\/\/pubeurope.com\/@ee\/116942580126920319","error":""},"_links":{"self":[{"href":"https:\/\/www.europesays.com\/ee\/wp-json\/wp\/v2\/posts\/231283","targetHints":{"allow":["GET"]}}],"collection":[{"href":"https:\/\/www.europesays.com\/ee\/wp-json\/wp\/v2\/posts"}],"about":[{"href":"https:\/\/www.europesays.com\/ee\/wp-json\/wp\/v2\/types\/post"}],"author":[{"embeddable":true,"href":"https:\/\/www.europesays.com\/ee\/wp-json\/wp\/v2\/users\/2"}],"replies":[{"embeddable":true,"href":"https:\/\/www.europesays.com\/ee\/wp-json\/wp\/v2\/comments?post=231283"}],"version-history":[{"count":0,"href":"https:\/\/www.europesays.com\/ee\/wp-json\/wp\/v2\/posts\/231283\/revisions"}],"wp:featuredmedia":[{"embeddable":true,"href":"https:\/\/www.europesays.com\/ee\/wp-json\/wp\/v2\/media\/231284"}],"wp:attachment":[{"href":"https:\/\/www.europesays.com\/ee\/wp-json\/wp\/v2\/media?parent=231283"}],"wp:term":[{"taxonomy":"category","embeddable":true,"href":"https:\/\/www.europesays.com\/ee\/wp-json\/wp\/v2\/categories?post=231283"},{"taxonomy":"post_tag","embeddable":true,"href":"https:\/\/www.europesays.com\/ee\/wp-json\/wp\/v2\/tags?post=231283"}],"curies":[{"name":"wp","href":"https:\/\/api.w.org\/{rel}","templated":true}]}}