{"id":231318,"date":"2026-07-18T20:19:19","date_gmt":"2026-07-18T20:19:19","guid":{"rendered":"https:\/\/www.europesays.com\/ee\/231318\/"},"modified":"2026-07-18T20:19:19","modified_gmt":"2026-07-18T20:19:19","slug":"fotod-taavi-roivas-nautis-uue-kallimaga-5miinuse-kontserti-kroonika","status":"publish","type":"post","link":"https:\/\/www.europesays.com\/ee\/231318\/","title":{"rendered":"FOTOD | Taavi R\u00f5ivas nautis uue kallimaga 5Miinuse kontserti &#8211; Kroonika"},"content":{"rendered":"<ol>\n<li><a href=\"https:\/\/news.google.com\/rss\/articles\/CBMipgFBVV95cUxOUGE2RmZCNkQ4cVdqeGxfUy1BYXY3MjhDVGFqaURSdlpoSUhBdDJqdnVQcS16el9GVVFXMTdWWGtqbTFSd2gyN3g1MkNCR1FhVWNqUXJMUS1PeXJBMllKMnliX0N4ZlRoaWdYQmxWOGxFMThhUmdURGdhZ3VzU2VWREVTbjF5UFNQQmdmcGRKay1GS0Q5RkQxa2s0LXNUQlMzTjE4UVhB?oc=5\" target=\"_blank\" rel=\"nofollow noopener\">FOTOD | Taavi R\u00f5ivas nautis uue kallimaga 5Miinuse kontserti<\/a>&nbsp;&nbsp;Kroonika<\/li>\n<li><a href=\"https:\/\/news.google.com\/rss\/articles\/CBMirAFBVV95cUxOaUFBdGpHX3pPakhkMWlaUFlINkU0Z0VZLWJ6ZWE0X3Y1U185NldvTjZBVFRpSVZHRl93b3hhdWJ3NDZ5alRsX3lCTkFIT2FUTzRiWEtoMEJMd0h4TGpaWkx0eFRwbV9OVXVYSFU1SDdsUTVtTEYwaldScEFXUUZXZ1dmaGNCX25iRGYxRnMxQm1MWTBPZzdlNUcybFJiemthWkNUQlR2aXJpXzc4?oc=5\" target=\"_blank\" rel=\"nofollow noopener\">FOTOUUDIS | Taavi R\u00f5ivas k\u00e4is uue kallimaga Rally Estonia avatseremoonial<\/a>&nbsp;&nbsp;\u00d5htuleht<\/li>\n<li><a href=\"https:\/\/news.google.com\/rss\/articles\/CBMiP0FVX3lxTE1zeGZzaGJFRWhJOC1SWWt6NlFpcHdneVNoNjJTdWlsSW5YTWdVSzJLMWxGalZZcmZOdXRWVW5Ubw?oc=5\" target=\"_blank\" rel=\"nofollow noopener\">Henri Apri uuendas kaks korda Eesti U-20 rekordit teivash\u00fcppes<\/a>&nbsp;&nbsp;Uudis.net<\/li>\n<li><a href=\"https:\/\/news.google.com\/rss\/articles\/CBMiogFBVV95cUxQYnF5VVlHWXpZZkRfeWxIWkVtcGt6bWtTUU5SV1dVTkZFckxzMzAxMWNPcXhRVHpna2trMGdvRTdjVkZ4dUd2RnBaZ3gteXp1d2xUVjhwQW5DX1FrUk5Tb2Z3Q3ZIVkZ2ckFWcjNSdDZQeklxemdSZzRrQVg2YWJBZ21IZlRWQzNnN0o2MTI0Ny1Ic3Zfa3MxWDc2U3hqclJENkE?oc=5\" target=\"_blank\" rel=\"nofollow noopener\">Taavi R\u00f5ivas kommenteeris esimest korda suhet noorema kallimaga<\/a>&nbsp;&nbsp;\u00d5htuleht<\/li>\n<li><a href=\"https:\/\/news.google.com\/rss\/articles\/CBMixAFBVV95cUxQLVVZTXY3bUlqNHpPTkZ6TXl1TXlvZVJWOFVRNnR0X3YyMUQ5YjB4ZVZnS1hnQlJNWVhpVGpRS2tpQUMwa25uSXZDYjBRcjZaTXF5dE5Mbm5vZnJiRVJKaVBIWGlrMjBkbmI1amVxTDh5cHEzYzBCSmRSaDR2TUdtVE14VGc3LVlpZzU1V28zLWFWc2FrbkdGMW9iVGtZOVNENWxoSXNhajJXSm5tdWRxb2lGMzcyUHhuQlJkT2JkUmJwOUNC?oc=5\" target=\"_blank\" rel=\"nofollow noopener\">Uue kallimaga seltskonda ilmunud Taavi R\u00f5ivas: soovime oma suhte hoida privaatsena<\/a>&nbsp;&nbsp;Kroonika<\/li>\n<\/ol>\n","protected":false},"excerpt":{"rendered":"FOTOD | Taavi R\u00f5ivas nautis uue kallimaga 5Miinuse kontserti&nbsp;&nbsp;Kroonika FOTOUUDIS | Taavi R\u00f5ivas k\u00e4is uue kallimaga Rally Estonia&hellip;\n","protected":false},"author":2,"featured_media":231319,"comment_status":"","ping_status":"","sticky":false,"template":"","format":"standard","meta":{"footnotes":"","_share_on_mastodon":"0"},"categories":[12],"tags":[708,26,27,37,33,35,34,36,31,32,21,28,29,19,25,1636,23,24,22,20,30],"class_list":["post-231318","post","type-post","status-publish","format-standard","has-post-thumbnail","category-eesti","tag-5miinust","tag-breaking-news","tag-breakingnews","tag-ee","tag-eesti","tag-eesti-keel","tag-estonia","tag-estonian","tag-featured-news","tag-featurednews","tag-headlines","tag-latest-news","tag-latestnews","tag-news","tag-populaarseimad-lood","tag-taavi-roivas","tag-top-stories","tag-topstories","tag-uldised-uudised","tag-uudised","tag-viimased-uudised"],"share_on_mastodon":{"url":"https:\/\/pubeurope.com\/@ee\/116942835830400593","error":""},"_links":{"self":[{"href":"https:\/\/www.europesays.com\/ee\/wp-json\/wp\/v2\/posts\/231318","targetHints":{"allow":["GET"]}}],"collection":[{"href":"https:\/\/www.europesays.com\/ee\/wp-json\/wp\/v2\/posts"}],"about":[{"href":"https:\/\/www.europesays.com\/ee\/wp-json\/wp\/v2\/types\/post"}],"author":[{"embeddable":true,"href":"https:\/\/www.europesays.com\/ee\/wp-json\/wp\/v2\/users\/2"}],"replies":[{"embeddable":true,"href":"https:\/\/www.europesays.com\/ee\/wp-json\/wp\/v2\/comments?post=231318"}],"version-history":[{"count":0,"href":"https:\/\/www.europesays.com\/ee\/wp-json\/wp\/v2\/posts\/231318\/revisions"}],"wp:featuredmedia":[{"embeddable":true,"href":"https:\/\/www.europesays.com\/ee\/wp-json\/wp\/v2\/media\/231319"}],"wp:attachment":[{"href":"https:\/\/www.europesays.com\/ee\/wp-json\/wp\/v2\/media?parent=231318"}],"wp:term":[{"taxonomy":"category","embeddable":true,"href":"https:\/\/www.europesays.com\/ee\/wp-json\/wp\/v2\/categories?post=231318"},{"taxonomy":"post_tag","embeddable":true,"href":"https:\/\/www.europesays.com\/ee\/wp-json\/wp\/v2\/tags?post=231318"}],"curies":[{"name":"wp","href":"https:\/\/api.w.org\/{rel}","templated":true}]}}