{"id":231375,"date":"2026-07-18T23:48:42","date_gmt":"2026-07-18T23:48:42","guid":{"rendered":"https:\/\/www.europesays.com\/ee\/231375\/"},"modified":"2026-07-18T23:48:42","modified_gmt":"2026-07-18T23:48:42","slug":"looduskaitse-all-olev-kalakotkas-on-naasnud-laane-eestisse-pesitsema-eesti","status":"publish","type":"post","link":"https:\/\/www.europesays.com\/ee\/231375\/","title":{"rendered":"Looduskaitse all olev kalakotkas on naasnud L\u00e4\u00e4ne-Eestisse pesitsema | Eesti"},"content":{"rendered":"<p>Looduskaitse all olev kalakotkas on naasnud L\u00e4\u00e4ne-Eestisse pesitsema, kuna sealsete j\u00f5gede kalaseis on paranenud. P\u00e4rnumaal on leitud v\u00e4hemalt kolm kalakotka paari.<\/p>\n<p>Kalakotkas on uhke ja eriline linnuliik. Eestis pesitseb ainult kuni sada paari. Viimastel aastatel on nende p\u00f5hiasustus Ida-Eestis hakanud alla k\u00e4ima. P\u00f5hjust veel uuritakse.<\/p>\n<p>Samas v\u00f5ib r\u00f5\u00f5mustada, et \u00fcle pika aja on kalakotkas tulnud tagasi L\u00e4\u00e4ne-Eestisse.<\/p>\n<p>&#8220;P\u00e4rnumaale kolimine \u2013 see suur s\u00fcndmus on kindlasti aset leidnud looduse taastamise ja hoidmise tarkade otsuste tulemusel. \u00dchtpidi on meil Sindi pais likvideeritud ja kalad t\u00f5esti saavad liikuda j\u00e4lle P\u00e4rnu j\u00f5e \u00fclemjooksule. \u00dc\u00fcratult suured ja sobivad toitumisalad on taas kalakotka jaoks vabad ja seal on ka kala, mida s\u00fc\u00fca,&#8221; r\u00e4\u00e4kis ornitoloog Indrek Tammek\u00e4nd.<\/p>\n<p>Samuti on P\u00e4rnumaal uhked metsakaitsealad, kus kalakotkas leiab sobivaid pesapaiku ja -puid. &#8220;V\u00e4hemalt 200 aasta vanused sageli, k\u00f5ige uhkemad ja v\u00f5imsamad m\u00e4nnid, mille latva siis kalakotkas oma pesa teeb,&#8221; m\u00e4rkis Tammek\u00e4nd.<\/p>\n<p>Kalakotkas vajab kodupiirkonnaks h\u00e4sti suurt ala. Sageli k\u00e4iakse saagilennul isegi 30 kilomeetri kaugusel oma pesast.\u00a0<\/p>\n<p>Seet\u00f5ttu v\u00e4ga palju kalakotkaid Eestimaale mahtuda ei saagi, kuid kindlasti v\u00f5iks neid olla rohkem, kui t\u00e4navu P\u00e4rnumaal kindlaks tehtud kolm pesitsevat paari.\u00a0<\/p>\n<p>Tammek\u00e4nd \u00fctles, et kui P\u00e4rnu j\u00f5gikonna kalavarud veelgi taastuvad, siis on lootust kindlasti. Eks armastus k\u00e4ib ikka k\u00f5hu kaudu.<\/p>\n<p>&#8220;Ei ole k\u00fcll sellist infot, et nad tingimata eelistaksid \u00fchte v\u00f5i teist, aga pigem ikka seda, mida on rohkem. Enamasti on need lepiskalad, mida nad v\u00f5tavad, nii et konkurents kalameestega liiga tihe ei ole,&#8221; s\u00f5nas Tammek\u00e4nd.<\/p>\n<p>Tammek\u00e4nnu s\u00f5nul on lausa \u00fcllatav, kui suurt saaki suudab kalakotkas vedada. Tavaliselt ootab seda pesas kaks v\u00f5i kolm poega, kuid iga aasta pesitsemiseni ei j\u00f5uta \u2013 nii, nagu inimesed, valib ka kalakotkas j\u00e4relkasvuks \u00f5ige aja.<\/p>\n","protected":false},"excerpt":{"rendered":"Looduskaitse all olev kalakotkas on naasnud L\u00e4\u00e4ne-Eestisse pesitsema, kuna sealsete j\u00f5gede kalaseis on paranenud. P\u00e4rnumaal on leitud v\u00e4hemalt&hellip;\n","protected":false},"author":2,"featured_media":231376,"comment_status":"","ping_status":"","sticky":false,"template":"","format":"standard","meta":{"footnotes":"","_share_on_mastodon":"0"},"categories":[12],"tags":[26,27,37,33,35,34,36,31,32,21,92757,92758,28,29,1089,19,25,23,24,22,20,30],"class_list":["post-231375","post","type-post","status-publish","format-standard","has-post-thumbnail","category-eesti","tag-breaking-news","tag-breakingnews","tag-ee","tag-eesti","tag-eesti-keel","tag-estonia","tag-estonian","tag-featured-news","tag-featurednews","tag-headlines","tag-indrek-tammekand","tag-kalakotkas","tag-latest-news","tag-latestnews","tag-lind","tag-news","tag-populaarseimad-lood","tag-top-stories","tag-topstories","tag-uldised-uudised","tag-uudised","tag-viimased-uudised"],"share_on_mastodon":{"url":"https:\/\/pubeurope.com\/@ee\/116943657778339740","error":""},"_links":{"self":[{"href":"https:\/\/www.europesays.com\/ee\/wp-json\/wp\/v2\/posts\/231375","targetHints":{"allow":["GET"]}}],"collection":[{"href":"https:\/\/www.europesays.com\/ee\/wp-json\/wp\/v2\/posts"}],"about":[{"href":"https:\/\/www.europesays.com\/ee\/wp-json\/wp\/v2\/types\/post"}],"author":[{"embeddable":true,"href":"https:\/\/www.europesays.com\/ee\/wp-json\/wp\/v2\/users\/2"}],"replies":[{"embeddable":true,"href":"https:\/\/www.europesays.com\/ee\/wp-json\/wp\/v2\/comments?post=231375"}],"version-history":[{"count":0,"href":"https:\/\/www.europesays.com\/ee\/wp-json\/wp\/v2\/posts\/231375\/revisions"}],"wp:featuredmedia":[{"embeddable":true,"href":"https:\/\/www.europesays.com\/ee\/wp-json\/wp\/v2\/media\/231376"}],"wp:attachment":[{"href":"https:\/\/www.europesays.com\/ee\/wp-json\/wp\/v2\/media?parent=231375"}],"wp:term":[{"taxonomy":"category","embeddable":true,"href":"https:\/\/www.europesays.com\/ee\/wp-json\/wp\/v2\/categories?post=231375"},{"taxonomy":"post_tag","embeddable":true,"href":"https:\/\/www.europesays.com\/ee\/wp-json\/wp\/v2\/tags?post=231375"}],"curies":[{"name":"wp","href":"https:\/\/api.w.org\/{rel}","templated":true}]}}