{"id":23139,"date":"2025-10-19T20:03:08","date_gmt":"2025-10-19T20:03:08","guid":{"rendered":"https:\/\/www.europesays.com\/ee\/23139\/"},"modified":"2025-10-19T20:03:08","modified_gmt":"2025-10-19T20:03:08","slug":"jarva-valla-keskerakond-ullatas-ekret-valimisohtul","status":"publish","type":"post","link":"https:\/\/www.europesays.com\/ee\/23139\/","title":{"rendered":"J\u00e4rva valla Keskerakond \u00fcllatas EKREt valimis\u00f5htul"},"content":{"rendered":"<p>Veel enne, kui J\u00e4rva valla valimistulemused olid selgunud, tegid Keskerakonna esindajad Toomas Tammik, Priit Seire ja Katrin Merisalu ootamatu visiidi EKRE valimis\u00f5htule J\u00e4rva-Jaanis. Keskerakondlased astusid korraks v\u00f5\u00f5rale peole sisse, et kolleegidele j\u00f5udu ja h\u00e4id tulemusi soovida.<\/p>\n<p>EKRE liikmete seas tekitas selline samm aga \u00fcllatust ja segadust. \u201eOlime sellest k\u00fclask\u00e4igust \u00fcsna \u00fcllatunud,\u201c tunnistas EKRE\u00a0esinumber Arvo Imsi. &#8220;Veel m\u00f5ni p\u00e4ev tagasi nad nii s\u00f5bralikud k\u00fcll ei olnud.&#8221;<\/p>\n","protected":false},"excerpt":{"rendered":"Veel enne, kui J\u00e4rva valla valimistulemused olid selgunud, tegid Keskerakonna esindajad Toomas Tammik, Priit Seire ja Katrin Merisalu&hellip;\n","protected":false},"author":2,"featured_media":23140,"comment_status":"","ping_status":"","sticky":false,"template":"","format":"standard","meta":{"footnotes":"","_share_on_mastodon":"0"},"categories":[12],"tags":[13055,26,27,37,33,35,729,34,36,31,32,21,4037,6655,13059,13057,13056,819,28,29,19,25,13054,6656,23,24,22,20,13058,30],"class_list":["post-23139","post","type-post","status-publish","format-standard","has-post-thumbnail","category-eesti","tag-arvo-imsi","tag-breaking-news","tag-breakingnews","tag-ee","tag-eesti","tag-eesti-keel","tag-ekre","tag-estonia","tag-estonian","tag-featured-news","tag-featurednews","tag-headlines","tag-imavere","tag-jarva-vald","tag-jarva-valla-valimised-2025","tag-joanna-aun","tag-katrin-merisalu","tag-keskerakond","tag-latest-news","tag-latestnews","tag-news","tag-populaarseimad-lood","tag-priit-seire","tag-toomas-tammik","tag-top-stories","tag-topstories","tag-uldised-uudised","tag-uudised","tag-valimisohtu","tag-viimased-uudised"],"share_on_mastodon":{"url":"","error":""},"_links":{"self":[{"href":"https:\/\/www.europesays.com\/ee\/wp-json\/wp\/v2\/posts\/23139","targetHints":{"allow":["GET"]}}],"collection":[{"href":"https:\/\/www.europesays.com\/ee\/wp-json\/wp\/v2\/posts"}],"about":[{"href":"https:\/\/www.europesays.com\/ee\/wp-json\/wp\/v2\/types\/post"}],"author":[{"embeddable":true,"href":"https:\/\/www.europesays.com\/ee\/wp-json\/wp\/v2\/users\/2"}],"replies":[{"embeddable":true,"href":"https:\/\/www.europesays.com\/ee\/wp-json\/wp\/v2\/comments?post=23139"}],"version-history":[{"count":0,"href":"https:\/\/www.europesays.com\/ee\/wp-json\/wp\/v2\/posts\/23139\/revisions"}],"wp:featuredmedia":[{"embeddable":true,"href":"https:\/\/www.europesays.com\/ee\/wp-json\/wp\/v2\/media\/23140"}],"wp:attachment":[{"href":"https:\/\/www.europesays.com\/ee\/wp-json\/wp\/v2\/media?parent=23139"}],"wp:term":[{"taxonomy":"category","embeddable":true,"href":"https:\/\/www.europesays.com\/ee\/wp-json\/wp\/v2\/categories?post=23139"},{"taxonomy":"post_tag","embeddable":true,"href":"https:\/\/www.europesays.com\/ee\/wp-json\/wp\/v2\/tags?post=23139"}],"curies":[{"name":"wp","href":"https:\/\/api.w.org\/{rel}","templated":true}]}}