{"id":231425,"date":"2026-07-19T03:30:12","date_gmt":"2026-07-19T03:30:12","guid":{"rendered":"https:\/\/www.europesays.com\/ee\/231425\/"},"modified":"2026-07-19T03:30:12","modified_gmt":"2026-07-19T03:30:12","slug":"tapa-mangumehed-andsid-tubli-panuse-montenegro-alistamisele","status":"publish","type":"post","link":"https:\/\/www.europesays.com\/ee\/231425\/","title":{"rendered":"Tapa m\u00e4ngumehed andsid tubli panuse Montenegro alistamisele"},"content":{"rendered":"<p>Reedel meistriv\u00f5istluste esimese taseme turniiri edetabelis teisele kohale t\u00f5usnud U20 noortekoondis k\u00e4sipallis kindlustas Montenegro alistamisega koha finaalis.<\/p>\n<p>Esimesel poolajal tasav\u00e4giseks kujunenud kohtumisel Kosovos oli meie meeste vastupidamine parem ja v\u00f5it kindlustati tulemusega 28:24 (14:13). Finaalis minnakse vastamisi Hollandiga, kellele esimene kohtumine kaotati 33:23 (21:12).<\/p>\n","protected":false},"excerpt":{"rendered":"Reedel meistriv\u00f5istluste esimese taseme turniiri edetabelis teisele kohale t\u00f5usnud U20 noortekoondis k\u00e4sipallis kindlustas Montenegro alistamisega koha finaalis. Esimesel&hellip;\n","protected":false},"author":2,"featured_media":231426,"comment_status":"","ping_status":"","sticky":false,"template":"","format":"standard","meta":{"footnotes":"","_share_on_mastodon":"0"},"categories":[5],"tags":[26,27,37,33,35,5289,34,36,31,32,1517,21,3019,10395,28,29,19,25,14254,23,24,12658,22,20,30],"class_list":["post-231425","post","type-post","status-publish","format-standard","has-post-thumbnail","category-uldised-uudised","tag-breaking-news","tag-breakingnews","tag-ee","tag-eesti","tag-eesti-keel","tag-eesti-koondis","tag-estonia","tag-estonian","tag-featured-news","tag-featurednews","tag-finaal","tag-headlines","tag-kasipall","tag-kosovo","tag-latest-news","tag-latestnews","tag-news","tag-populaarseimad-lood","tag-tapa-kasipall","tag-top-stories","tag-topstories","tag-u20","tag-uldised-uudised","tag-uudised","tag-viimased-uudised"],"share_on_mastodon":{"url":"https:\/\/pubeurope.com\/@ee\/116944530739375186","error":""},"_links":{"self":[{"href":"https:\/\/www.europesays.com\/ee\/wp-json\/wp\/v2\/posts\/231425","targetHints":{"allow":["GET"]}}],"collection":[{"href":"https:\/\/www.europesays.com\/ee\/wp-json\/wp\/v2\/posts"}],"about":[{"href":"https:\/\/www.europesays.com\/ee\/wp-json\/wp\/v2\/types\/post"}],"author":[{"embeddable":true,"href":"https:\/\/www.europesays.com\/ee\/wp-json\/wp\/v2\/users\/2"}],"replies":[{"embeddable":true,"href":"https:\/\/www.europesays.com\/ee\/wp-json\/wp\/v2\/comments?post=231425"}],"version-history":[{"count":0,"href":"https:\/\/www.europesays.com\/ee\/wp-json\/wp\/v2\/posts\/231425\/revisions"}],"wp:featuredmedia":[{"embeddable":true,"href":"https:\/\/www.europesays.com\/ee\/wp-json\/wp\/v2\/media\/231426"}],"wp:attachment":[{"href":"https:\/\/www.europesays.com\/ee\/wp-json\/wp\/v2\/media?parent=231425"}],"wp:term":[{"taxonomy":"category","embeddable":true,"href":"https:\/\/www.europesays.com\/ee\/wp-json\/wp\/v2\/categories?post=231425"},{"taxonomy":"post_tag","embeddable":true,"href":"https:\/\/www.europesays.com\/ee\/wp-json\/wp\/v2\/tags?post=231425"}],"curies":[{"name":"wp","href":"https:\/\/api.w.org\/{rel}","templated":true}]}}