{"id":231455,"date":"2026-07-19T05:20:09","date_gmt":"2026-07-19T05:20:09","guid":{"rendered":"https:\/\/www.europesays.com\/ee\/231455\/"},"modified":"2026-07-19T05:20:09","modified_gmt":"2026-07-19T05:20:09","slug":"mustamae-elamus-spas-sai-vingugaasimurgituse-neli-inimest","status":"publish","type":"post","link":"https:\/\/www.europesays.com\/ee\/231455\/","title":{"rendered":"Mustam\u00e4e Elamus Spas sai vingugaasim\u00fcrgituse neli inimest"},"content":{"rendered":"<p>Laup\u00e4eva \u00f5htul kell 22.44 teatati h\u00e4irekeskusele v\u00f5imalikust vingugaasi juhtumist Tallinnas <a rel=\"noopener nofollow\" target=\"_blank\" href=\"https:\/\/www.delfi.ee\/teema\/31458725\/mustamae\" data-rel-date-range=\"[]\">Mustam\u00e4el<\/a> asuvas Elamus Spa 21+ saunakeskuses. Neli saunakeskuses viibinud inimest tundsid end halvasti ning nendega tegelesid meedikud.<\/p>\n<p>P\u00e4\u00e4stjate saabumise ajaks olid spaa t\u00f6\u00f6tajad juba saunaruume tuulutanud. Spaa suleti, et ohutus tagada ja k\u00f5ik vajalik \u00fcle kontrollida. Kohapeal on kiirabi, kes vaatas \u00fcle k\u00f5ik spaas viibinud inimesed, kes tundsid end halvasti.<\/p>\n<p><a rel=\"noopener nofollow\" target=\"_blank\" href=\"https:\/\/www.delfi.ee\/teema\/23584785\/paasteamet\" tag-id=\"23584785\">P\u00e4\u00e4steamet<\/a> palub k\u00f5igil inimestel, kes viibisid eile ajavahemikus kell 22.30\u201323.15 Elamus Spa 21+ saunakeskuse poolel j\u00e4lgida l\u00e4hitundidel t\u00e4helepanelikult oma enesetunnet. Kui enesetunne halveneb, tuleb p\u00f6\u00f6rduda arsti poole.<\/p>\n<p><a rel=\"noopener nofollow\" target=\"_blank\" href=\"https:\/\/www.delfi.ee\/teema\/96922215\/vingugaasimurgistus\" tag-id=\"96922215\">Vingugaasim\u00fcrgistuse<\/a> s\u00fcmptomiteks v\u00f5ivad olla peavalu, pearinglus, iiveldus, oksendamine, n\u00f5rkus ja uimasus. Nende s\u00fcmptomite ilmnemisel tuleb viivitamatult minna v\u00e4rske \u00f5hu k\u00e4tte ning p\u00f6\u00f6rduda terviseseisundi hindamiseks arsti poole. Tervisen\u00f5u saab k\u00fcsida ka perearsti n\u00f5uandeliinilt 1220. Halva enesetunde v\u00f5i kiiresti s\u00fcvenevate s\u00fcmptomite korral tuleb helistada h\u00e4daabinumbril 112.<\/p>\n<p>Kuidas see lugu Sind end tundma pani? Saada <a href=\"https:\/\/arileht.delfi.ee\/artikkel\/120598143\/mustamae-elamus-spas-sai-vingugaasimurgituse-neli-inimest\/kommentaarid\" class=\"article-body-bottom__comment article-body-bottom__comment--write button button--primary button--size-auto\" rel=\"nofollow noopener\" target=\"_blank\"> Kommenteeri <\/a><a href=\"https:\/\/arileht.delfi.ee\/artikkel\/120598143\/mustamae-elamus-spas-sai-vingugaasimurgituse-neli-inimest\/kommentaarid\" class=\"article-body-bottom__comment article-body-bottom__comment--read button button--size-auto\" rel=\"nofollow noopener\" target=\"_blank\"> Loe kommentaare <\/a><\/p>\n","protected":false},"excerpt":{"rendered":"Laup\u00e4eva \u00f5htul kell 22.44 teatati h\u00e4irekeskusele v\u00f5imalikust vingugaasi juhtumist Tallinnas Mustam\u00e4el asuvas Elamus Spa 21+ saunakeskuses. Neli saunakeskuses&hellip;\n","protected":false},"author":2,"featured_media":231456,"comment_status":"","ping_status":"","sticky":false,"template":"","format":"standard","meta":{"footnotes":"","_share_on_mastodon":"0"},"categories":[12],"tags":[26,27,37,33,35,34,36,31,32,21,28,29,2807,19,1581,25,23,24,22,20,30,59367],"class_list":["post-231455","post","type-post","status-publish","format-standard","has-post-thumbnail","category-eesti","tag-breaking-news","tag-breakingnews","tag-ee","tag-eesti","tag-eesti-keel","tag-estonia","tag-estonian","tag-featured-news","tag-featurednews","tag-headlines","tag-latest-news","tag-latestnews","tag-mustamae","tag-news","tag-paasteamet","tag-populaarseimad-lood","tag-top-stories","tag-topstories","tag-uldised-uudised","tag-uudised","tag-viimased-uudised","tag-vingugaasimurgistus"],"share_on_mastodon":{"url":"https:\/\/pubeurope.com\/@ee\/116944963274160172","error":""},"_links":{"self":[{"href":"https:\/\/www.europesays.com\/ee\/wp-json\/wp\/v2\/posts\/231455","targetHints":{"allow":["GET"]}}],"collection":[{"href":"https:\/\/www.europesays.com\/ee\/wp-json\/wp\/v2\/posts"}],"about":[{"href":"https:\/\/www.europesays.com\/ee\/wp-json\/wp\/v2\/types\/post"}],"author":[{"embeddable":true,"href":"https:\/\/www.europesays.com\/ee\/wp-json\/wp\/v2\/users\/2"}],"replies":[{"embeddable":true,"href":"https:\/\/www.europesays.com\/ee\/wp-json\/wp\/v2\/comments?post=231455"}],"version-history":[{"count":0,"href":"https:\/\/www.europesays.com\/ee\/wp-json\/wp\/v2\/posts\/231455\/revisions"}],"wp:featuredmedia":[{"embeddable":true,"href":"https:\/\/www.europesays.com\/ee\/wp-json\/wp\/v2\/media\/231456"}],"wp:attachment":[{"href":"https:\/\/www.europesays.com\/ee\/wp-json\/wp\/v2\/media?parent=231455"}],"wp:term":[{"taxonomy":"category","embeddable":true,"href":"https:\/\/www.europesays.com\/ee\/wp-json\/wp\/v2\/categories?post=231455"},{"taxonomy":"post_tag","embeddable":true,"href":"https:\/\/www.europesays.com\/ee\/wp-json\/wp\/v2\/tags?post=231455"}],"curies":[{"name":"wp","href":"https:\/\/api.w.org\/{rel}","templated":true}]}}