{"id":231543,"date":"2026-07-19T07:50:14","date_gmt":"2026-07-19T07:50:14","guid":{"rendered":"https:\/\/www.europesays.com\/ee\/231543\/"},"modified":"2026-07-19T07:50:14","modified_gmt":"2026-07-19T07:50:14","slug":"reisikiri-praha-on-pikaks-nadalavahetuseks-tabav-valik-osa-turismimagneteid-on-aga-kui-kahe-teraga-mook","status":"publish","type":"post","link":"https:\/\/www.europesays.com\/ee\/231543\/","title":{"rendered":"REISIKIRI | Praha on pikaks n\u00e4dalavahetuseks tabav valik. Osa turismimagneteid on aga kui kahe teraga m\u00f5\u00f5k"},"content":{"rendered":"<p>Prahal on mu r\u00e4ndurihinges eriline koht. J\u00e4ttes Soome ja L\u00e4ti k\u00f5rvale, oli see nooruses mu esimene kaugem sihtkoht. Nullindate keskel s\u00f5itsime emaga sinna bussiga. Kui keegi \u00fctleb, et hiigelsuur Poola on kli\u0161ee, siis julgen vastu vaielda \u2013 need kiirteed tundusid t\u00f5esti l\u00f5putud. Praha ise oli kui s\u00f5\u00f5m v\u00e4rsket \u00f5hku. L\u00e4\u00e4nelik elulaad k\u00e4sik\u00e4es omaenda n\u00e4o v\u00e4\u00e4rtustamisega, k\u00f5ik boheemlaslikus kastmes. Sama olen hiljem kogenud Berliinis. <\/p>\n","protected":false},"excerpt":{"rendered":"Prahal on mu r\u00e4ndurihinges eriline koht. J\u00e4ttes Soome ja L\u00e4ti k\u00f5rvale, oli see nooruses mu esimene kaugem sihtkoht.&hellip;\n","protected":false},"author":2,"featured_media":231544,"comment_status":"","ping_status":"","sticky":false,"template":"","format":"standard","meta":{"footnotes":"","_share_on_mastodon":"0"},"categories":[16],"tags":[37,33,35,173,34,36,140,7226],"class_list":["post-231543","post","type-post","status-publish","format-standard","has-post-thumbnail","category-meelelahutus","tag-ee","tag-eesti","tag-eesti-keel","tag-entertainment","tag-estonia","tag-estonian","tag-meelelahutus","tag-praha"],"share_on_mastodon":{"url":"https:\/\/pubeurope.com\/@ee\/116945552969148403","error":""},"_links":{"self":[{"href":"https:\/\/www.europesays.com\/ee\/wp-json\/wp\/v2\/posts\/231543","targetHints":{"allow":["GET"]}}],"collection":[{"href":"https:\/\/www.europesays.com\/ee\/wp-json\/wp\/v2\/posts"}],"about":[{"href":"https:\/\/www.europesays.com\/ee\/wp-json\/wp\/v2\/types\/post"}],"author":[{"embeddable":true,"href":"https:\/\/www.europesays.com\/ee\/wp-json\/wp\/v2\/users\/2"}],"replies":[{"embeddable":true,"href":"https:\/\/www.europesays.com\/ee\/wp-json\/wp\/v2\/comments?post=231543"}],"version-history":[{"count":0,"href":"https:\/\/www.europesays.com\/ee\/wp-json\/wp\/v2\/posts\/231543\/revisions"}],"wp:featuredmedia":[{"embeddable":true,"href":"https:\/\/www.europesays.com\/ee\/wp-json\/wp\/v2\/media\/231544"}],"wp:attachment":[{"href":"https:\/\/www.europesays.com\/ee\/wp-json\/wp\/v2\/media?parent=231543"}],"wp:term":[{"taxonomy":"category","embeddable":true,"href":"https:\/\/www.europesays.com\/ee\/wp-json\/wp\/v2\/categories?post=231543"},{"taxonomy":"post_tag","embeddable":true,"href":"https:\/\/www.europesays.com\/ee\/wp-json\/wp\/v2\/tags?post=231543"}],"curies":[{"name":"wp","href":"https:\/\/api.w.org\/{rel}","templated":true}]}}