{"id":231555,"date":"2026-07-19T08:04:09","date_gmt":"2026-07-19T08:04:09","guid":{"rendered":"https:\/\/www.europesays.com\/ee\/231555\/"},"modified":"2026-07-19T08:04:09","modified_gmt":"2026-07-19T08:04:09","slug":"rainer-saks-%e2%9f%a9-ukraina-meedia-venemaa-uus-mobilisatsioon-voib-kuundida-12-miljoni-meheni","status":"publish","type":"post","link":"https:\/\/www.europesays.com\/ee\/231555\/","title":{"rendered":"RAINER SAKS \u27e9 Ukraina meedia: Venemaa uus mobilisatsioon v\u00f5ib k\u00fc\u00fcndida 1,2 miljoni meheni"},"content":{"rendered":"<p>Ukraina informatsioonilise vastupanu keskuse juht Andrei Kovalenko pakkus viitega Ukraina luureinfole, et mobilisatsiooni suuruseks v\u00f5iks olla ca 500 000 meest. Tema hinnangul suunataks osa mobiliseeritutest kiiresti t\u00e4iendusena rindele ning \u00fclej\u00e4\u00e4nutest oleks plaanis moodustada uued \u00fcksused, et avada uus pealetungi suund. Seni ei ole meedias ilmunud usaldusv\u00e4\u00e4rset informatsiooni selle kohta, et Venemaal oleks suudetud luua t\u00e4iendavat infrastruktuuri nii suure hulga inimeste mobiliseerimiseks. Kindlasti ei j\u00e4tku nende v\u00e4lja\u00f5petamiseks ka ohvitsere. Sarnaselt 2022. aasta s\u00fcgisega, tuleks kasutada Valgevene taristut v\u00e4lja\u00f5ppe l\u00e4biviimiseks ning probleeme oleks varustusega nii suure arvu \u00fcksuste moodustamiseks. V\u00f5ib n\u00f5ustuda, et Venemaa kindralstaap taotleks mobilisatsiooni l\u00e4bi viimist v\u00e4hemalt taolises suurusj\u00e4rgus, nagu Kovalenko eile avaldas. Kuid Ukraina infovoo peamine eesm\u00e4rk on ikkagi s\u00fcvendada Venemaa \u00fchiskonnas teadmist peatse mobilisatsiooni kohta, peale Riigiduuma valimisi. Andrei Kovalenko avaldatud teates on m\u00e4rgata ka k\u00f5rval eesm\u00e4rki, mis kutsub \u00fcles Ukraina inimesi mitte liigselt kritiseerima Ukraina presidenti katisevaldkonna viimaste otsuste eest ja valmistuma \u00fchiselt rasket talve \u00fcle elama.<\/p>\n","protected":false},"excerpt":{"rendered":"Ukraina informatsioonilise vastupanu keskuse juht Andrei Kovalenko pakkus viitega Ukraina luureinfole, et mobilisatsiooni suuruseks v\u00f5iks olla ca 500&hellip;\n","protected":false},"author":2,"featured_media":231556,"comment_status":"","ping_status":"","sticky":false,"template":"","format":"standard","meta":{"footnotes":"","_share_on_mastodon":"0"},"categories":[80],"tags":[68646,92794,26,27,884,37,33,35,34,36,31,32,21,1208,28,29,95,74583,13454,19,3254,25,6989,90932,23,24,262,22,20,96,92795,30,92644,92,93,94],"class_list":["post-231555","post","type-post","status-publish","format-standard","has-post-thumbnail","category-maailm","tag-aasovi-meri","tag-andrei-kovalenko","tag-breaking-news","tag-breakingnews","tag-droonirunnak","tag-ee","tag-eesti","tag-eesti-keel","tag-estonia","tag-estonian","tag-featured-news","tag-featurednews","tag-headlines","tag-kiiev","tag-latest-news","tag-latestnews","tag-maailm","tag-mobilisatsioon-venemaal","tag-must-meri","tag-news","tag-odessa","tag-populaarseimad-lood","tag-rainer-saks","tag-stavropoli-krai","tag-top-stories","tag-topstories","tag-ukraina","tag-uldised-uudised","tag-uudised","tag-venemaa","tag-venemaa-kindralstaap","tag-viimased-uudised","tag-wildberries","tag-world","tag-world-news","tag-worldnews"],"share_on_mastodon":{"url":"","error":"Validation failed: Text character limit of 500 exceeded"},"_links":{"self":[{"href":"https:\/\/www.europesays.com\/ee\/wp-json\/wp\/v2\/posts\/231555","targetHints":{"allow":["GET"]}}],"collection":[{"href":"https:\/\/www.europesays.com\/ee\/wp-json\/wp\/v2\/posts"}],"about":[{"href":"https:\/\/www.europesays.com\/ee\/wp-json\/wp\/v2\/types\/post"}],"author":[{"embeddable":true,"href":"https:\/\/www.europesays.com\/ee\/wp-json\/wp\/v2\/users\/2"}],"replies":[{"embeddable":true,"href":"https:\/\/www.europesays.com\/ee\/wp-json\/wp\/v2\/comments?post=231555"}],"version-history":[{"count":0,"href":"https:\/\/www.europesays.com\/ee\/wp-json\/wp\/v2\/posts\/231555\/revisions"}],"wp:featuredmedia":[{"embeddable":true,"href":"https:\/\/www.europesays.com\/ee\/wp-json\/wp\/v2\/media\/231556"}],"wp:attachment":[{"href":"https:\/\/www.europesays.com\/ee\/wp-json\/wp\/v2\/media?parent=231555"}],"wp:term":[{"taxonomy":"category","embeddable":true,"href":"https:\/\/www.europesays.com\/ee\/wp-json\/wp\/v2\/categories?post=231555"},{"taxonomy":"post_tag","embeddable":true,"href":"https:\/\/www.europesays.com\/ee\/wp-json\/wp\/v2\/tags?post=231555"}],"curies":[{"name":"wp","href":"https:\/\/api.w.org\/{rel}","templated":true}]}}