{"id":231614,"date":"2026-07-19T09:29:09","date_gmt":"2026-07-19T09:29:09","guid":{"rendered":"https:\/\/www.europesays.com\/ee\/231614\/"},"modified":"2026-07-19T09:29:09","modified_gmt":"2026-07-19T09:29:09","slug":"galerii-etv-71-sunnipaevaks-avati-telemajas-gunta-randla-naitus-tuntud-telenagudest-tele","status":"publish","type":"post","link":"https:\/\/www.europesays.com\/ee\/231614\/","title":{"rendered":"Galerii: ETV 71. s\u00fcnnip\u00e4evaks avati telemajas Gunta Randla n\u00e4itus tuntud telen\u00e4gudest | Tele"},"content":{"rendered":"<p>ETV 71. s\u00fcnnip\u00e4eva puhul avati telemajas teatri- ja telekunstniku Gunta Randla n\u00e4itus &#8220;Piksli ja pintsliga&#8221;, kus Randla portreteerib armastatud telen\u00e4gusid.<\/p>\n<p>&#8220;P\u00e4rast pikka pausi televisioonist tundsin, et igatsen taas inimeste keskele. Just inimesed, nende olemus, energia ja isikup\u00e4ra said selle n\u00e4ituse l\u00e4htepunktiks,&#8221; selgitas Randla.<\/p>\n<p>&#8220;Mind hakkas paeluma k\u00fcsimus: kuidas kujutada inimest nii, et maalil s\u00e4iliks tema pilk, elusus ja kohalolu? Vastust otsides s\u00fcndisid need segatehnikas teosed, milles kohtuvad fotograafia, digitaalsed t\u00f6\u00f6v\u00f5tted, l\u00f5uendile tr\u00fckkimine ja maalimine. Digitaalse osa loomisel oli mulle hindamatuks kaaslaseks Viivi Jokk,&#8221; avas Randla teoste s\u00fcnnilugu.<\/p>\n<p>Telemaja seintel v\u00f5ib \u00e4ra tunda Gunta Randla autoportree, \u00a0Mati Talviku, Reet Linna, Maire Aunaste, Piret Viisimaa ja Mark Soosaare.<\/p>\n<p>&#8220;Need ei ole pelgalt portreed. Iga maal on minu isiklik kohtumine inimesega, katse tabada enamat kui v\u00e4list sarnasust. Ma ei maali ainult n\u00e4gusid, vaid seda, kuidas ma inimest n\u00e4en ja tunnetan,&#8221; lisas Randla.<\/p>\n<p>&#8220;Televisioonimaailm on t\u00e4is andekaid ja inspireerivaid inimesi, kelle t\u00f6\u00f6 j\u00f5uab vaatajani enamasti vaid hetkeks. Nende portreedega soovin kinkida neile pikema elu ning kutsuda vaatajat m\u00e4rkama inimest rolli, ameti ja ekraanipildi taga.&#8221;<\/p>\n","protected":false},"excerpt":{"rendered":"ETV 71. s\u00fcnnip\u00e4eva puhul avati telemajas teatri- ja telekunstniku Gunta Randla n\u00e4itus &#8220;Piksli ja pintsliga&#8221;, kus Randla portreteerib&hellip;\n","protected":false},"author":2,"featured_media":231615,"comment_status":"","ping_status":"","sticky":false,"template":"","format":"standard","meta":{"footnotes":"","_share_on_mastodon":"0"},"categories":[16],"tags":[37,33,35,173,34,36,92751,92806,140,23874],"class_list":["post-231614","post","type-post","status-publish","format-standard","has-post-thumbnail","category-meelelahutus","tag-ee","tag-eesti","tag-eesti-keel","tag-entertainment","tag-estonia","tag-estonian","tag-etv-71","tag-gunta-randla","tag-meelelahutus","tag-telemaja"],"share_on_mastodon":{"url":"https:\/\/pubeurope.com\/@ee\/116945942423521291","error":""},"_links":{"self":[{"href":"https:\/\/www.europesays.com\/ee\/wp-json\/wp\/v2\/posts\/231614","targetHints":{"allow":["GET"]}}],"collection":[{"href":"https:\/\/www.europesays.com\/ee\/wp-json\/wp\/v2\/posts"}],"about":[{"href":"https:\/\/www.europesays.com\/ee\/wp-json\/wp\/v2\/types\/post"}],"author":[{"embeddable":true,"href":"https:\/\/www.europesays.com\/ee\/wp-json\/wp\/v2\/users\/2"}],"replies":[{"embeddable":true,"href":"https:\/\/www.europesays.com\/ee\/wp-json\/wp\/v2\/comments?post=231614"}],"version-history":[{"count":0,"href":"https:\/\/www.europesays.com\/ee\/wp-json\/wp\/v2\/posts\/231614\/revisions"}],"wp:featuredmedia":[{"embeddable":true,"href":"https:\/\/www.europesays.com\/ee\/wp-json\/wp\/v2\/media\/231615"}],"wp:attachment":[{"href":"https:\/\/www.europesays.com\/ee\/wp-json\/wp\/v2\/media?parent=231614"}],"wp:term":[{"taxonomy":"category","embeddable":true,"href":"https:\/\/www.europesays.com\/ee\/wp-json\/wp\/v2\/categories?post=231614"},{"taxonomy":"post_tag","embeddable":true,"href":"https:\/\/www.europesays.com\/ee\/wp-json\/wp\/v2\/tags?post=231614"}],"curies":[{"name":"wp","href":"https:\/\/api.w.org\/{rel}","templated":true}]}}