{"id":231678,"date":"2026-07-19T11:31:09","date_gmt":"2026-07-19T11:31:09","guid":{"rendered":"https:\/\/www.europesays.com\/ee\/231678\/"},"modified":"2026-07-19T11:31:09","modified_gmt":"2026-07-19T11:31:09","slug":"foto-kaunis-paar-johan-randvere-avaldas-esimese-uhise-pildi-koos-uue-kallimaga","status":"publish","type":"post","link":"https:\/\/www.europesays.com\/ee\/231678\/","title":{"rendered":"FOTO | Kaunis paar! Johan Randvere avaldas esimese \u00fchise pildi koos uue kallimaga"},"content":{"rendered":"<p>Johan Randvere (36) postitas oma Instagrami story\u2019sse armsa kl\u00f5psu oma uue balletitantsijast kallimaga Ketlin Ojaga (29). Paar k\u00e4is koos lauljanna Nele-Liis Vaiksoo pulmas, kus n\u00e4gid eriti stiilsed v\u00e4lja. Ketlin kandis heleroosat kleiti ning Johanil oli seljas triibulise mustriga pintsak ja heledad p\u00fcksid.<\/p>\n<p><img decoding=\"async\" src=\"https:\/\/www.europesays.com\/ee\/wp-content\/uploads\/2026\/07\/e125e14c-dfce-4c6b-afe4-4f82de323dff.jpg\" loading=\"lazy\" alt=\"Ketlin Oja ja Johan Randvere\"\/><\/p>\n<p>V\u00f5rumaal toimunud pulmas olid kohal ka n\u00e4itleja M\u00e4rt Avandi ning laulja ja n\u00e4itleja Lauri Liiv, kellega koos \u00fcllatati pulmalisi muusikalise etteastega. <\/p>\n<p>V\u00e4rske suhe<\/p>\n<p>Alles eelmise aasta novembris teatas Johan lahkuminekust oma pikaaegsest abikaasast ja lavapartnerist Evelin Samuelist (51). Johan kinnitas ka hilisemates intervjuudes meediale, et elab \u00fcksi ja p\u00fchendub doktorit\u00f6\u00f6 tegemisele ning kontsertidele. Nad olid Eveliniga abielus k\u00fcmme aastat. <\/p>\n<p>Ka Ketlin oli oma partneri Tarmo Riitmuruga k\u00fcmme aastat koos ning sellest abielus \u00fche aasta. Tarmo on hinnatud spordimass\u00f6\u00f6r ningEesti Rahvusballeti ja MUBA f\u00fcsioterapeud.<\/p>\n<p>Sellel suvel tunnistasid nii Johan kui Ketlin Kroonikale, et on kevadest saati olnud koos \u00f5nnelikus suhtes. Paar kohtus 2023. aastal, kui neid \u00fchendas t\u00f6\u00f6alane projekt \u201eTantsi mulle muusikat\u201c. Sel ajal k\u00e4isid nad koos k\u00fclas ka Vikerraadio saates \u201eP\u00e4evatee\u201c kui ka ajakirja Anne ja Stiili taskuh\u00e4\u00e4lingus, kus r\u00e4\u00e4kisid vaimustunult nii etendusest ja \u00fclsteisest. Juba siis oli tunda kunstnike vahel tavalisest soojemat suhtumist ja nad ei varjanud seda ka oma v\u00e4lja\u00fctlemistes.<\/p>\n<p><a href=\"http:\/\/kroonika.delfi.ee\/artikkel\/120588307\/uus-kuum-paar-johan-randvere-ja-tipp-baleriin-ketlin-oja-leidsid-teineteist#dalrel-in-article\" class=\"content-embedded-articles-single__embedded-article\" data-v-469265ed=\"\" rel=\"nofollow noopener\" target=\"_blank\"><\/p>\n<p> 03.06.2026 <\/p>\n<p> Uus kuum paar! Johan Randvere ja tipp-baleriin Ketlin Oja leidsid teineteist <\/p>\n<p><\/a><\/p>\n<p>\u201eKeha v\u00f5imete viimasele piirile viimine on nii muljetavaldav! Ballett on nagu tippsport, aga veel midagi enamat \u2013 tantsija peab ka inimhingest aru saama. P\u00e4ris laheda elukutse oled valinud k\u00fcll,\u201c kiitis Johan Ketlinit taskuh\u00e4\u00e4lingus. \u201eMa usun sellesse projekti pimesi, sest see kukub meil h\u00e4sti v\u00e4lja. Klapp on meil h\u00e4sti lahe. Ketlin on nii s\u00e4ravalt naeratav ja tore!\u201c <\/p>\n<p>Kuidas see lugu Sind end tundma pani? Saada <a href=\"https:\/\/kroonika.delfi.ee\/artikkel\/120598197\/foto-kaunis-paar-johan-randvere-avaldas-esimese-uhise-pildi-koos-uue-kallimaga\/kommentaarid\" class=\"article-body-bottom__comment article-body-bottom__comment--write button button--primary button--size-auto\" rel=\"nofollow noopener\" target=\"_blank\"> Kommenteeri <\/a><a href=\"https:\/\/kroonika.delfi.ee\/artikkel\/120598197\/foto-kaunis-paar-johan-randvere-avaldas-esimese-uhise-pildi-koos-uue-kallimaga\/kommentaarid\" class=\"article-body-bottom__comment article-body-bottom__comment--read button button--size-auto\" rel=\"nofollow noopener\" target=\"_blank\"> Loe kommentaare (3)<\/a><\/p>\n","protected":false},"excerpt":{"rendered":"Johan Randvere (36) postitas oma Instagrami story\u2019sse armsa kl\u00f5psu oma uue balletitantsijast kallimaga Ketlin Ojaga (29). Paar k\u00e4is&hellip;\n","protected":false},"author":2,"featured_media":231679,"comment_status":"","ping_status":"","sticky":false,"template":"","format":"standard","meta":{"footnotes":"","_share_on_mastodon":"0"},"categories":[16],"tags":[37,33,35,173,34,36,15146,140,13051,5303],"class_list":["post-231678","post","type-post","status-publish","format-standard","has-post-thumbnail","category-meelelahutus","tag-ee","tag-eesti","tag-eesti-keel","tag-entertainment","tag-estonia","tag-estonian","tag-johan-randvere","tag-meelelahutus","tag-nele-liis-vaiksoo","tag-pulmad"],"share_on_mastodon":{"url":"https:\/\/pubeurope.com\/@ee\/116946422154182754","error":""},"_links":{"self":[{"href":"https:\/\/www.europesays.com\/ee\/wp-json\/wp\/v2\/posts\/231678","targetHints":{"allow":["GET"]}}],"collection":[{"href":"https:\/\/www.europesays.com\/ee\/wp-json\/wp\/v2\/posts"}],"about":[{"href":"https:\/\/www.europesays.com\/ee\/wp-json\/wp\/v2\/types\/post"}],"author":[{"embeddable":true,"href":"https:\/\/www.europesays.com\/ee\/wp-json\/wp\/v2\/users\/2"}],"replies":[{"embeddable":true,"href":"https:\/\/www.europesays.com\/ee\/wp-json\/wp\/v2\/comments?post=231678"}],"version-history":[{"count":0,"href":"https:\/\/www.europesays.com\/ee\/wp-json\/wp\/v2\/posts\/231678\/revisions"}],"wp:featuredmedia":[{"embeddable":true,"href":"https:\/\/www.europesays.com\/ee\/wp-json\/wp\/v2\/media\/231679"}],"wp:attachment":[{"href":"https:\/\/www.europesays.com\/ee\/wp-json\/wp\/v2\/media?parent=231678"}],"wp:term":[{"taxonomy":"category","embeddable":true,"href":"https:\/\/www.europesays.com\/ee\/wp-json\/wp\/v2\/categories?post=231678"},{"taxonomy":"post_tag","embeddable":true,"href":"https:\/\/www.europesays.com\/ee\/wp-json\/wp\/v2\/tags?post=231678"}],"curies":[{"name":"wp","href":"https:\/\/api.w.org\/{rel}","templated":true}]}}