{"id":231763,"date":"2026-07-19T13:28:28","date_gmt":"2026-07-19T13:28:28","guid":{"rendered":"https:\/\/www.europesays.com\/ee\/231763\/"},"modified":"2026-07-19T13:28:28","modified_gmt":"2026-07-19T13:28:28","slug":"venemaa-kehtestas-eestist-parit-veokitele-taieliku-kaubaveokeelu-majandus","status":"publish","type":"post","link":"https:\/\/www.europesays.com\/ee\/231763\/","title":{"rendered":"Venemaa kehtestas Eestist p\u00e4rit veokitele t\u00e4ieliku kaubaveokeelu | Majandus"},"content":{"rendered":"<p>Venemaa valitsus kehtestas Eestis registreeritud veokitele kaubaveokeelu, mis puudutab k\u00f5iki kaubakategooriaid.<\/p>\n<p>Venemaa laiendas piiranguid Eestis registreeritud veokite kommertsveostele, kehtestades t\u00e4ieliku keelu k\u00f5igile veoste kategooriatele, vahendas<a href=\"https:\/\/news.az\/news\/russia-imposes-full-cargo-transport-ban-on-estonian-trucks\" target=\"_blank\" rel=\"noopener nofollow\"> uudistekanal newz.az<\/a> Venemaa valitsuse otsust.<\/p>\n<p>Venemaa poolt kehtib osale Euroopa Liidu riikide vedajate kommertsveostele keeld oktoobrist 2022. Siis puudutas keeld esmatarbekaupu, nagu liha, kala, piimatooted, k\u00f6\u00f6giviljad, maiustused, kakao, teraviljatooted, alkohoolsed joogid, v\u00e4etised, ravimid, paber ja papp. Samuti olid keelu all n\u00e4iteks kellad, muusikainstrumendid, tuumareaktorid ning kino- ja helitehnika.<\/p>\n<p>Venemaa laiendas hiljem transpordipiiranguid Moldovale ja Poolale, Eestile laiendati piirangud juulis 2023. N\u00fc\u00fcdse korraldusega t\u00fchistas Venemaa valitsus k\u00f5ik erandid, mis kaupade veol Eestile seni kehtisid.<\/p>\n<p>Samas on uutes piirangutes erandid: n\u00e4iteks ei puuduta need Venemaa eksklaavi Kaliningradi v\u00f5i saadetisi konkreetsetesse piirkondadesse Karjalas ning Leningradi, Murmanski ja Pihkva oblastis.<\/p>\n<p>MKM: suures plaanis m\u00f5ju Eesti majandusele puudub<\/p>\n<p>Majandus- ja kommunikatsiooniministeeriumi (MKM) peaanal\u00fc\u00fctik Karel Lember \u00fctles ERR-ile, et kuiv\u00f5rd Eesti ja Venemaa vaheline kaubavahetus on viimastel aastatel olnud niiv\u00f5rd v\u00e4ikesemahuline, siis uute piirangute kehtestamine v\u00e4hemalt esialgsel hinnangul m\u00e4rkimisv\u00e4\u00e4rset m\u00f5ju ei oma.<\/p>\n<p>&#8220;V\u00f5imalik, et leidub \u00fcksikuid ettev\u00f5tteid ja kaupu, kus m\u00f5ningaid h\u00e4ireid tekib, kuid suures plaanis Eesti majandusele m\u00f5ju puudub,&#8221; \u00fctles ta.<\/p>\n<p>Kui enne s\u00f5da ulatus Eesti eksport Venemaale kevadkuudel 70 kuni 80 miljoni euroni, siis t\u00e4navu mais oli see vaid 13,5 miljonit, millest 4,8 miljonit oli Eesti p\u00e4ritolu ja sellest omakorda \u00fcle poole oli kakao, m\u00e4rkis Lember.<\/p>\n<p>Politsei- ja piirivalveameti statistika n\u00e4itab, et \u00f6\u00f6p\u00e4evas \u00fcletab piiri m\u00f5nik\u00fcmmend veokit, millest osa oli t\u00fchjad.<\/p>\n<p>&#8220;Seega esmajoones m\u00f5jutavad t\u00e4iendavad piirangud piiril logistikaettev\u00f5tteid, mis kasutavad Eesti numbrim\u00e4rgiga autosid. Olukorra muudab lihtsamaks ka asjaolu, et igasugusteks piiranguteks piiril on saanud ettev\u00f5tted valmistuda juba alates 2022. aastast ning praegu ei tule need kellelegi enam \u00fcllatusena,&#8221; lausus Lember.<\/p>\n","protected":false},"excerpt":{"rendered":"Venemaa valitsus kehtestas Eestis registreeritud veokitele kaubaveokeelu, mis puudutab k\u00f5iki kaubakategooriaid. Venemaa laiendas piiranguid Eestis registreeritud veokite kommertsveostele,&hellip;\n","protected":false},"author":2,"featured_media":231764,"comment_status":"","ping_status":"","sticky":false,"template":"","format":"standard","meta":{"footnotes":"","_share_on_mastodon":"0"},"categories":[5],"tags":[26,27,37,33,35,34,36,31,32,21,11013,72391,28,29,19,59,25,23,24,92845,22,20,96,92846,30],"class_list":["post-231763","post","type-post","status-publish","format-standard","has-post-thumbnail","category-uldised-uudised","tag-breaking-news","tag-breakingnews","tag-ee","tag-eesti","tag-eesti-keel","tag-estonia","tag-estonian","tag-featured-news","tag-featurednews","tag-headlines","tag-kaubaveod","tag-kaubikud","tag-latest-news","tag-latestnews","tag-news","tag-piirangud","tag-populaarseimad-lood","tag-top-stories","tag-topstories","tag-transiitveod","tag-uldised-uudised","tag-uudised","tag-venemaa","tag-veosed","tag-viimased-uudised"],"share_on_mastodon":{"url":"https:\/\/pubeurope.com\/@ee\/116946882212522871","error":""},"_links":{"self":[{"href":"https:\/\/www.europesays.com\/ee\/wp-json\/wp\/v2\/posts\/231763","targetHints":{"allow":["GET"]}}],"collection":[{"href":"https:\/\/www.europesays.com\/ee\/wp-json\/wp\/v2\/posts"}],"about":[{"href":"https:\/\/www.europesays.com\/ee\/wp-json\/wp\/v2\/types\/post"}],"author":[{"embeddable":true,"href":"https:\/\/www.europesays.com\/ee\/wp-json\/wp\/v2\/users\/2"}],"replies":[{"embeddable":true,"href":"https:\/\/www.europesays.com\/ee\/wp-json\/wp\/v2\/comments?post=231763"}],"version-history":[{"count":0,"href":"https:\/\/www.europesays.com\/ee\/wp-json\/wp\/v2\/posts\/231763\/revisions"}],"wp:featuredmedia":[{"embeddable":true,"href":"https:\/\/www.europesays.com\/ee\/wp-json\/wp\/v2\/media\/231764"}],"wp:attachment":[{"href":"https:\/\/www.europesays.com\/ee\/wp-json\/wp\/v2\/media?parent=231763"}],"wp:term":[{"taxonomy":"category","embeddable":true,"href":"https:\/\/www.europesays.com\/ee\/wp-json\/wp\/v2\/categories?post=231763"},{"taxonomy":"post_tag","embeddable":true,"href":"https:\/\/www.europesays.com\/ee\/wp-json\/wp\/v2\/tags?post=231763"}],"curies":[{"name":"wp","href":"https:\/\/api.w.org\/{rel}","templated":true}]}}