{"id":231765,"date":"2026-07-19T13:35:07","date_gmt":"2026-07-19T13:35:07","guid":{"rendered":"https:\/\/www.europesays.com\/ee\/231765\/"},"modified":"2026-07-19T13:35:07","modified_gmt":"2026-07-19T13:35:07","slug":"galerii-telemajas-tahistati-etv-71-sunnipaeva-tele","status":"publish","type":"post","link":"https:\/\/www.europesays.com\/ee\/231765\/","title":{"rendered":"Galerii: telemajas t\u00e4histati ETV 71. s\u00fcnnip\u00e4eva | Tele"},"content":{"rendered":"<p>ETV on aastaid hoidnud head traditsiooni saada kokku 19. juuli keskp\u00e4eval. Nii ka t\u00e4navu, kui telemaja ruudulises fuajees kohtusid endised ja praegused telet\u00f6\u00f6tajad, et t\u00e4histada ETV 71. s\u00fcnnip\u00e4eva.<\/p>\n<p>Suvisel p\u00fchap\u00e4eval kohtusid telemajas inimesed, kes teinud televisiooni aastaid tagasi ja need, kes t\u00e4na ETV k\u00e4ek\u00e4igu ees hea seisavad. S\u00fcnnip\u00e4eva avas tervituss\u00f5nadega ETV ja ETV2 peatoimetaja Urmas Oru, kelle s\u00f5nul on just selline s\u00fcnnip\u00e4ev talle k\u00f5ige s\u00fcdamel\u00e4hedasem.<\/p>\n<p>&#8220;T\u00e4na on nagu perekondlik pannkoogihommik, kus kokku saavad need, kes ETV-d armastavad,&#8221; \u00fctles ta. Eelolevale s\u00fcgisele ette vaadates lubas ta, et ETV j\u00e4tkab k\u00f5ikide nende saadetega, mis moodustavad kanali tuumiku. &#8220;\u00dcllatame muidugi ka,&#8221; lisas Oru.<\/p>\n<p>S\u00fcnnip\u00e4eva juhtis Karmel Killandi ja hea s\u00f5naga tervitas kohalviibijaid ka ERR-i juhatuse liige Mart Luik. &#8220;Inimesed on need, kes televisioonile loomingulise vungi sisse panevad,&#8221; t\u00e4nas ta kohalviibinuid.\u00a0<\/p>\n<p>S\u00fcnnip\u00e4eval peeti meeles ka endist kolleegi, t\u00e4navu 80. s\u00fcnnip\u00e4eva t\u00e4histanud Enn Eesmaad. Legendaarne telemees s\u00f5nas, et on t\u00f6\u00f6tanud k\u00fcll neljas erinevas televisioonis, aga k\u00f5ige ilusamad aastad m\u00f6\u00f6dusid tal Eesti televisioonis.<\/p>\n<p>&#8220;Rahvustelevisioon ja rahvusraadio peavad olema. Teid on vaja siis, kui k\u00f5ik on v\u00e4ga v\u00e4ga h\u00e4sti ja paraku ka siis, kui midagi on v\u00e4ga halvasti,&#8221; s\u00f5nas Eesmaa.<\/p>\n<p>ETV s\u00fcnnip\u00e4eval astusid lauludega \u00fcles kullaprooviga lauljad, kel telemajaga k\u00f5ikidel oma hea seos. K\u00fclaliste ette astusid Heidy Tamme, Voldemar Kuslap ja Mait Maltis, neid saatis klaveril \u00dclo M\u00e4lgand.\u00a0<\/p>\n","protected":false},"excerpt":{"rendered":"ETV on aastaid hoidnud head traditsiooni saada kokku 19. juuli keskp\u00e4eval. Nii ka t\u00e4navu, kui telemaja ruudulises fuajees&hellip;\n","protected":false},"author":2,"featured_media":231766,"comment_status":"","ping_status":"","sticky":false,"template":"","format":"standard","meta":{"footnotes":"","_share_on_mastodon":"0"},"categories":[18],"tags":[37,33,35,3009,34,36,258,92751,159,158],"class_list":["post-231765","post","type-post","status-publish","format-standard","has-post-thumbnail","category-sport","tag-ee","tag-eesti","tag-eesti-keel","tag-eesti-televisioon","tag-estonia","tag-estonian","tag-etv","tag-etv-71","tag-sport","tag-sports"],"share_on_mastodon":{"url":"https:\/\/pubeurope.com\/@ee\/116946909432108124","error":""},"_links":{"self":[{"href":"https:\/\/www.europesays.com\/ee\/wp-json\/wp\/v2\/posts\/231765","targetHints":{"allow":["GET"]}}],"collection":[{"href":"https:\/\/www.europesays.com\/ee\/wp-json\/wp\/v2\/posts"}],"about":[{"href":"https:\/\/www.europesays.com\/ee\/wp-json\/wp\/v2\/types\/post"}],"author":[{"embeddable":true,"href":"https:\/\/www.europesays.com\/ee\/wp-json\/wp\/v2\/users\/2"}],"replies":[{"embeddable":true,"href":"https:\/\/www.europesays.com\/ee\/wp-json\/wp\/v2\/comments?post=231765"}],"version-history":[{"count":0,"href":"https:\/\/www.europesays.com\/ee\/wp-json\/wp\/v2\/posts\/231765\/revisions"}],"wp:featuredmedia":[{"embeddable":true,"href":"https:\/\/www.europesays.com\/ee\/wp-json\/wp\/v2\/media\/231766"}],"wp:attachment":[{"href":"https:\/\/www.europesays.com\/ee\/wp-json\/wp\/v2\/media?parent=231765"}],"wp:term":[{"taxonomy":"category","embeddable":true,"href":"https:\/\/www.europesays.com\/ee\/wp-json\/wp\/v2\/categories?post=231765"},{"taxonomy":"post_tag","embeddable":true,"href":"https:\/\/www.europesays.com\/ee\/wp-json\/wp\/v2\/tags?post=231765"}],"curies":[{"name":"wp","href":"https:\/\/api.w.org\/{rel}","templated":true}]}}