{"id":231788,"date":"2026-07-19T14:20:09","date_gmt":"2026-07-19T14:20:09","guid":{"rendered":"https:\/\/www.europesays.com\/ee\/231788\/"},"modified":"2026-07-19T14:20:09","modified_gmt":"2026-07-19T14:20:09","slug":"eesti-jalgpallikoondislane-on-sotimaal-hooaega-alustanud-kahe-raske-voiduga-jalgpall","status":"publish","type":"post","link":"https:\/\/www.europesays.com\/ee\/231788\/","title":{"rendered":"Eesti jalgpallikoondislane on \u0160otimaal hooaega alustanud kahe raske v\u00f5iduga | Jalgpall"},"content":{"rendered":"<p>Eesti jalgpallikoondise \u00e4\u00e4rekaitsja Michael Schj\u00f6nning-Larseni koduklubi Kilmarnock sai \u0160otimaa liigakarikas teise raske v\u00f5idu j\u00e4rjest.<\/p>\n<p>\u0160otimaa k\u00f5rgliigas m\u00e4ngiv Kilmarnock alistas tugevuselt neljanda liiga meeskonna Elgin City 1:0. Kilmarnock m\u00e4ngis alates 37. minutist k\u00fcmnekesi ja l\u00f5i m\u00e4ngu ainsa v\u00e4rava 90+3. minutil. Algkoosseisu kuulunud Schj\u00f6nning-Larsen vahetati m\u00f5ned minutid enne v\u00f5iduv\u00e4ravat v\u00e4lja, kirjutab <a href=\"https:\/\/soccernet.ee\/artikkel\/schjonning-larseni-koduklubi-on-uut-hooaega-alustanud-kahe-raske-voiduga\" target=\"_blank\" rel=\"noopener nofollow\">Soccernet.ee<\/a>.<\/p>\n<p>Kilmarnock on alagrupis kogunud kahe m\u00e4nguga viis punkti. Kui Elgini \u00fcle normaalajal saadud v\u00f5it andis kolm punkti, siis avam\u00e4ngus alistati esiliigas m\u00e4ngiv Raith p\u00e4rast 0:0 l\u00f5ppenud normaalaega penaltiseerias ja saadi kaks punkti.<\/p>\n<p>Eesti koondise poolkaitsja\u00a0Markus Soometsa\u00a0koduklubi Start kaotas Norra k\u00f5rgliigas kodus 0:3 Rosenborgile. Soomets j\u00e4lgis kohtumist pingilt.\u00a0Kolmanda kaotuse j\u00e4rjest saanud Start on 14 m\u00e4nguga kogunud seitse punkti ja asub 16 meeskonna konkurentsis viimasel kohal.\u00a0<\/p>\n","protected":false},"excerpt":{"rendered":"Eesti jalgpallikoondise \u00e4\u00e4rekaitsja Michael Schj\u00f6nning-Larseni koduklubi Kilmarnock sai \u0160otimaa liigakarikas teise raske v\u00f5idu j\u00e4rjest. \u0160otimaa k\u00f5rgliigas m\u00e4ngiv Kilmarnock&hellip;\n","protected":false},"author":2,"featured_media":231789,"comment_status":"","ping_status":"","sticky":false,"template":"","format":"standard","meta":{"footnotes":"","_share_on_mastodon":"0"},"categories":[18],"tags":[37,33,35,34,36,919,19417,159,158],"class_list":["post-231788","post","type-post","status-publish","format-standard","has-post-thumbnail","category-sport","tag-ee","tag-eesti","tag-eesti-keel","tag-estonia","tag-estonian","tag-markus-soomets","tag-michael-schjonning-larsen","tag-sport","tag-sports"],"share_on_mastodon":{"url":"https:\/\/pubeurope.com\/@ee\/116947086655174009","error":""},"_links":{"self":[{"href":"https:\/\/www.europesays.com\/ee\/wp-json\/wp\/v2\/posts\/231788","targetHints":{"allow":["GET"]}}],"collection":[{"href":"https:\/\/www.europesays.com\/ee\/wp-json\/wp\/v2\/posts"}],"about":[{"href":"https:\/\/www.europesays.com\/ee\/wp-json\/wp\/v2\/types\/post"}],"author":[{"embeddable":true,"href":"https:\/\/www.europesays.com\/ee\/wp-json\/wp\/v2\/users\/2"}],"replies":[{"embeddable":true,"href":"https:\/\/www.europesays.com\/ee\/wp-json\/wp\/v2\/comments?post=231788"}],"version-history":[{"count":0,"href":"https:\/\/www.europesays.com\/ee\/wp-json\/wp\/v2\/posts\/231788\/revisions"}],"wp:featuredmedia":[{"embeddable":true,"href":"https:\/\/www.europesays.com\/ee\/wp-json\/wp\/v2\/media\/231789"}],"wp:attachment":[{"href":"https:\/\/www.europesays.com\/ee\/wp-json\/wp\/v2\/media?parent=231788"}],"wp:term":[{"taxonomy":"category","embeddable":true,"href":"https:\/\/www.europesays.com\/ee\/wp-json\/wp\/v2\/categories?post=231788"},{"taxonomy":"post_tag","embeddable":true,"href":"https:\/\/www.europesays.com\/ee\/wp-json\/wp\/v2\/tags?post=231788"}],"curies":[{"name":"wp","href":"https:\/\/api.w.org\/{rel}","templated":true}]}}