{"id":231822,"date":"2026-07-19T15:30:22","date_gmt":"2026-07-19T15:30:22","guid":{"rendered":"https:\/\/www.europesays.com\/ee\/231822\/"},"modified":"2026-07-19T15:30:22","modified_gmt":"2026-07-19T15:30:22","slug":"stiiligalerii-suve-suurim-rammar-mida-kandsid-fannid-5miinuse-selle-suve-ainsal-avalikul-kontserdil-anne-stiil","status":"publish","type":"post","link":"https:\/\/www.europesays.com\/ee\/231822\/","title":{"rendered":"STIILIGALERII | Suve suurim r\u00e4mmar! Mida kandsid f\u00e4nnid 5MIINUSE selle suve ainsal avalikul kontserdil? &#8211; Anne &amp; Stiil"},"content":{"rendered":"<ol>\n<li><a href=\"https:\/\/news.google.com\/rss\/articles\/CBMi1gFBVV95cUxNazBaSW9uV3loTFJHVDBzcTNtWHBRd1NJaG1iemFxLU85MWNFTExXdlpMeXA3QWFmdDdvekRBNnVyZmhNaEI1SDIzNkNTc1N0bHVHeExoSGlaMXh5RDd0XzN5dFZLWkN0S3VVWUQ2OW0tQmptdktuWC12SklXOWJ6QkRfN3ZVbWo2Um9sWEVKRy05TGZWSG5SQzBYeWFuUUNBYnJFTThuY3h4YTZXM1VTdUZYMGVWOHRmcjRRRk54Z3hGUDZwMGpKdHY3TU9tSlZKMkpESlJ3?oc=5\" target=\"_blank\" rel=\"nofollow noopener\">STIILIGALERII | Suve suurim r\u00e4mmar! Mida kandsid f\u00e4nnid 5MIINUSE selle suve ainsal avalikul kontserdil?<\/a>&nbsp;&nbsp;Anne &amp; Stiil<\/li>\n<li><a href=\"https:\/\/news.google.com\/rss\/articles\/CBMizgFBVV95cUxOd0c1YTU4azFYT3BJTldjaEtrdjlDQmVQb09fd1MzdVo3OVN0SFU0WWpLelhBcU9oSmRwZjFtV1ZQM2F1dHBzRjZHWnhaVUxFNUhPeVp0d0lSNi1jV1VhMjQ5WFpISGlHeVB3NjRpcXVhUUdSQ1hSanBPVkpCVnVkMmp6SXNJZXhjcDViXzlrcG9wVGxza1UycGs0YjQtY2Nwb1lBeGZBdFkyc01IQ3AxemNabE84R0RJbDNWb3JZalljRkk5RkJwUGZlcHo0UQ?oc=5\" target=\"_blank\" rel=\"nofollow noopener\">TV3 uudised: Orm Oja vanaema VIP-k\u00fclalisena 5Miinuse kontserdil: mulle meeldib r\u00e4ppmuusika<\/a>&nbsp;&nbsp;tv3.ee<\/li>\n<li><a href=\"https:\/\/news.google.com\/rss\/articles\/CBMi6AFBVV95cUxQeDQwd1hRSTNyRDRJMlF0WW1SZ0hxMmJQWERrS3p3TXlHLXR6UVVFTkdxOEwzcTBJbTRhMEhfT3FRdE5SY1B5R2ZtYlcxSGhfT20xVGdOTHcwb3ZMWGJuQ1NGX29TaThFaXpwcDYtY3F6SEtYU2U0TkRYSTRhUDFoczVNQUI2RkptbjJEZ2dZMVR1N0FEb0gwR1JxTmtMRWVRSHlGbnc4VU0yOXFFWFU2SGVvU0sxX1daX0NWYXdvd3N5R2s4eVFveThneHp2c2NPUnJPcFRrMUdSWFA5Sjlva0FSQWlrYmFV?oc=5\" target=\"_blank\" rel=\"nofollow noopener\">RAHVAK\u00dcSITLUS | \u201eTema naeratus on selline, et paneb s\u00fcdame p\u00f5ksuma.\u201c Mis t\u00f5i publiku 5Miinuse suurele juubelis\u00f5ule?<\/a>&nbsp;&nbsp;Kroonika<\/li>\n<li><a href=\"https:\/\/news.google.com\/rss\/articles\/CBMi7AFBVV95cUxQTzhpdzd6RVFzQXR4aEF5a2RFRkNsa25tWE9fUmIyV2toLVcxQ2tJRnA5TnFleGNmVzFzRUk3TTdoc2ZVRnh1WjNzUzZFLXpuWWRnaUZyRzIwWkZEZFBmTGZVbEdhTEw2SWR5T0VoZFk5YjFmNTlMa29HM1lPeVRldlhIS3lqRndVYjVVQmtheHhBdFpELXJyeExOamROVGdHajA5amVyalVvQ3psUDQyMmFrS0dlcUxDdkZyQ3A3NzJKS1VlZ2I3MWNBRzJZZDFRSnJ4VHBQZ1h6aW9jN251LVdjczZLZ21GSlRXVQ?oc=5\" target=\"_blank\" rel=\"nofollow noopener\">GALERII JA REPORTAA\u017d | 5MIINUSE liikmed: meil oli kokku lepitud, et Pavel tuleb ja laulab juubelikontserdil m\u00f5ned refr\u00e4\u00e4nid\u2026<\/a>&nbsp;&nbsp;digileht.ohtuleht.ee<\/li>\n<li><a href=\"https:\/\/news.google.com\/rss\/articles\/CBMipAFBVV95cUxPd1dZeWNibFhuU1ViREZmYWloOTlqNG9VOUxYREhsTEhWNnp2QlF4dGVycDRnRzVBQjJsTzZScmhTTEwwbW5TYkNuZ3FaTzQyR09MVjNtcWV5VE84NHhBU1VXeUE3OUtscXk4SE0yZ3Y4el9rYkFMUTBTa1lkNTJyZEVDUTFhOF9fNVdDTkczQS1aWVU0clBVejZsZEZxOV9YMUplWQ?oc=5\" target=\"_blank\" rel=\"nofollow noopener\">REPORTAA\u017d | Milline atmosf\u00e4\u00e4r valitses 5Miinuse juubelipeol?<\/a>&nbsp;&nbsp;Kroonika<\/li>\n<\/ol>\n","protected":false},"excerpt":{"rendered":"STIILIGALERII | Suve suurim r\u00e4mmar! Mida kandsid f\u00e4nnid 5MIINUSE selle suve ainsal avalikul kontserdil?&nbsp;&nbsp;Anne &amp; Stiil TV3 uudised:&hellip;\n","protected":false},"author":2,"featured_media":231823,"comment_status":"","ping_status":"","sticky":false,"template":"","format":"standard","meta":{"footnotes":"","_share_on_mastodon":"0"},"categories":[12],"tags":[708,26,27,37,33,35,34,36,13033,31,32,21,4959,28,29,19,25,8025,249,23,24,22,20,30],"class_list":["post-231822","post","type-post","status-publish","format-standard","has-post-thumbnail","category-eesti","tag-5miinust","tag-breaking-news","tag-breakingnews","tag-ee","tag-eesti","tag-eesti-keel","tag-estonia","tag-estonian","tag-fannid","tag-featured-news","tag-featurednews","tag-headlines","tag-kontsert","tag-latest-news","tag-latestnews","tag-news","tag-populaarseimad-lood","tag-rapp","tag-tartu","tag-top-stories","tag-topstories","tag-uldised-uudised","tag-uudised","tag-viimased-uudised"],"share_on_mastodon":{"url":"https:\/\/pubeurope.com\/@ee\/116947361804176753","error":""},"_links":{"self":[{"href":"https:\/\/www.europesays.com\/ee\/wp-json\/wp\/v2\/posts\/231822","targetHints":{"allow":["GET"]}}],"collection":[{"href":"https:\/\/www.europesays.com\/ee\/wp-json\/wp\/v2\/posts"}],"about":[{"href":"https:\/\/www.europesays.com\/ee\/wp-json\/wp\/v2\/types\/post"}],"author":[{"embeddable":true,"href":"https:\/\/www.europesays.com\/ee\/wp-json\/wp\/v2\/users\/2"}],"replies":[{"embeddable":true,"href":"https:\/\/www.europesays.com\/ee\/wp-json\/wp\/v2\/comments?post=231822"}],"version-history":[{"count":0,"href":"https:\/\/www.europesays.com\/ee\/wp-json\/wp\/v2\/posts\/231822\/revisions"}],"wp:featuredmedia":[{"embeddable":true,"href":"https:\/\/www.europesays.com\/ee\/wp-json\/wp\/v2\/media\/231823"}],"wp:attachment":[{"href":"https:\/\/www.europesays.com\/ee\/wp-json\/wp\/v2\/media?parent=231822"}],"wp:term":[{"taxonomy":"category","embeddable":true,"href":"https:\/\/www.europesays.com\/ee\/wp-json\/wp\/v2\/categories?post=231822"},{"taxonomy":"post_tag","embeddable":true,"href":"https:\/\/www.europesays.com\/ee\/wp-json\/wp\/v2\/tags?post=231822"}],"curies":[{"name":"wp","href":"https:\/\/api.w.org\/{rel}","templated":true}]}}