{"id":231832,"date":"2026-07-19T15:42:11","date_gmt":"2026-07-19T15:42:11","guid":{"rendered":"https:\/\/www.europesays.com\/ee\/231832\/"},"modified":"2026-07-19T15:42:11","modified_gmt":"2026-07-19T15:42:11","slug":"belgia-gp-russell-porkas-avaringil-kokku-hamiltoniga-ja-katkestas-antonelli-vottis-kuuenda-voidu","status":"publish","type":"post","link":"https:\/\/www.europesays.com\/ee\/231832\/","title":{"rendered":"Belgia GP: Russell p\u00f5rkas avaringil kokku Hamiltoniga ja katkestas, Antonelli v\u00f5ttis kuuenda v\u00f5idu"},"content":{"rendered":"<p>Esimesel ringil sai korraks parimalt kohalt alustanud Antonellist m\u00f6\u00f6da teiselt kohalt startinud <a rel=\"noopener nofollow\" target=\"_blank\" href=\"https:\/\/www.delfi.ee\/teema\/69592383\/max-verstappen\" tag-id=\"69592383\">Max Verstappen<\/a> (Red Bull), kuid m\u00f5ned kurvid hiljem v\u00f5ttis 19-aastane itaallane liidrikoha tagasi. <\/p>\n<p>S\u00f5idu suurim olukord juhtus avaringil, kui omavahel p\u00f5rkasid kokku <a rel=\"noopener nofollow\" target=\"_blank\" href=\"https:\/\/www.delfi.ee\/teema\/89920371\/george-russell\" tag-id=\"89920371\">George Russell<\/a> (Mercedes) ja <a rel=\"noopener nofollow\" target=\"_blank\" href=\"https:\/\/www.delfi.ee\/teema\/359\/lewis-hamilton\" tag-id=\"359\">Lewis Hamilton<\/a> (Ferrari). Punktitabelis Antonelli l\u00e4him j\u00e4litaja Russell s\u00f5itis avarii t\u00f5ttu ka rajalt v\u00e4lja ning pidi s\u00f5idu katkestama. <\/p>\n<p>Hamilton sai kokkup\u00f5rke eest 5-sekundilise ajakaristuse. Kokkup\u00f5rke t\u00f5ttu tuli paariks ringiks rajale ka virtuaalne turvaauto, et Russelli masin raja k\u00f5rvalt \u00e4ra toimetada.<\/p>\n<p>Video Russelli ja Hamiltoni kokkup\u00f5rkest: <\/p>\n<p>Kaheksandal ringil v\u00f5itlesid kolmanda koha eest <a rel=\"noopener nofollow\" target=\"_blank\" href=\"https:\/\/www.delfi.ee\/teema\/80366254\/charles-leclerc\" tag-id=\"80366254\">Charles Leclerc<\/a> (Ferrari) ja <a rel=\"noopener nofollow\" target=\"_blank\" href=\"https:\/\/www.delfi.ee\/teema\/96844236\/oscar-piastri\" tag-id=\"96844236\">Oscar Piastri<\/a> (McLaren). Ka nemad p\u00f5rkasid omavahel kokku, aga suuremaid kahjustusi kumbki auto ei saanud. <\/p>\n<p>Piastri kurtis p\u00e4rast raadio teel oma v\u00f5istlusinsenerile, et Leclerci s\u00f5it oli ebaturvaline ning nende kokkup\u00f5rge oleks v\u00f5inud v\u00e4ga suure avariiga l\u00f5ppeda. Kohtunikud vaatasid olukorra pikalt \u00fcle ning kumbki s\u00f5itja sellest karistada ei saanud. <\/p>\n<p>20. ringil tuli rajale taas virtuaalne turvaauto, millest v\u00f5itis enim Leclerc. Ferrari s\u00f5itjal \u00f5nnestus samal ajal \u00e4ra k\u00e4ia boksis, mis virtuaalse turvaauto ajal v\u00f5tab umbes poole v\u00e4hem aega. T\u00e4nu sellele t\u00f5usis ta Antonellist m\u00f6\u00f6da. <\/p>\n<p>Virtuaalse turvaauto l\u00f5ppedes oli liider valitsev maailmameister <a rel=\"noopener nofollow\" target=\"_blank\" href=\"https:\/\/www.delfi.ee\/teema\/85967207\/lando-norris\" tag-id=\"85967207\">Lando Norris<\/a> (McLaren), kes s\u00f5itis kvalifikatsioonis v\u00e4lja k\u00fcll kolmanda aja, aga karistuse t\u00f5ttu alustas s\u00f5itu 12. positsioonilt. <\/p>\n<p>Kuna Norrisel olid rohkem kasutatud rehvid, siis said \u00fcsna ruttu temast m\u00f6\u00f6da nii Leclerc kui ka Antonelli, kes j\u00e4tkasid v\u00f5istlust esikoha nimel. Umbes k\u00fcmmekond ringi j\u00e4litas Mercedese s\u00f5itja Ferrari pilooti ning 34. ringil t\u00f5usis Antonelli ka tagasi liidriks.<\/p>\n<p>Viimased k\u00fcmme ringi m\u00f6\u00f6dusid suuremate s\u00fcndmusteta ning karj\u00e4\u00e4ri ja hooaja kuuenda v\u00f5idu v\u00f5ttis Antonelli. Teine oli Leclerc (+1,9) ja viimase poodiumikoha sai Verstappen (+11,5). <\/p>\n<p>Hamilton l\u00f5petas neljandana, kellele j\u00e4rgnesid Piastri ja Isack Hadjar (Red Bull). Seitsmenda koha sai Norris ning esik\u00fcmne l\u00f5petasid Gabriel Bortoleto (Audi), Arvid Lindblad (Racing Bulls) ja Franco Colapinto (Alpine).<\/p>\n<p>Sarja \u00fcldarvestuses suurendas Antonelli (204 punkti) oma edu teiseks t\u00f5usnud Hamiltoni ees 45 punkti peale. Katkestanud Russell on kolmas 154 punktiga ning Lecleril on koos 126 silma. Tiimide arvestuses on Mercedes 358 punktiga kindel liider. Teine on Ferrari, kellel on koos 285 silma.<\/p>\n<p>Vormel 1 sari j\u00e4tkub n\u00e4dala p\u00e4rast Ungaris. <\/p>\n<p>Kuidas see lugu Sind end tundma pani? Saada <a href=\"https:\/\/sport.delfi.ee\/artikkel\/120598228\/belgia-gp-russell-porkas-avaringil-kokku-hamiltoniga-ja-katkestas-antonelli-vottis-kuuenda-voidu\/kommentaarid\" class=\"article-body-bottom__comment article-body-bottom__comment--write button button--primary button--size-auto\" rel=\"nofollow noopener\" target=\"_blank\"> Kommenteeri <\/a><a href=\"https:\/\/sport.delfi.ee\/artikkel\/120598228\/belgia-gp-russell-porkas-avaringil-kokku-hamiltoniga-ja-katkestas-antonelli-vottis-kuuenda-voidu\/kommentaarid\" class=\"article-body-bottom__comment article-body-bottom__comment--read button button--size-auto\" rel=\"nofollow noopener\" target=\"_blank\"> Loe kommentaare (1)<\/a><\/p>\n","protected":false},"excerpt":{"rendered":"Esimesel ringil sai korraks parimalt kohalt alustanud Antonellist m\u00f6\u00f6da teiselt kohalt startinud Max Verstappen (Red Bull), kuid m\u00f5ned&hellip;\n","protected":false},"author":2,"featured_media":231833,"comment_status":"","ping_status":"","sticky":false,"template":"","format":"standard","meta":{"footnotes":"","_share_on_mastodon":"0"},"categories":[5],"tags":[26,27,4488,37,33,35,34,36,31,32,1956,21,19344,1577,28,29,1573,586,19,1579,25,23,24,22,20,30,4487],"class_list":["post-231832","post","type-post","status-publish","format-standard","has-post-thumbnail","category-uldised-uudised","tag-breaking-news","tag-breakingnews","tag-charles-leclerc","tag-ee","tag-eesti","tag-eesti-keel","tag-estonia","tag-estonian","tag-featured-news","tag-featurednews","tag-george-russell","tag-headlines","tag-kimi-antonelli","tag-lando-norris","tag-latest-news","tag-latestnews","tag-lewis-hamilton","tag-max-verstappen","tag-news","tag-oscar-piastri","tag-populaarseimad-lood","tag-top-stories","tag-topstories","tag-uldised-uudised","tag-uudised","tag-viimased-uudised","tag-vormel-1"],"share_on_mastodon":{"url":"https:\/\/pubeurope.com\/@ee\/116947408976295711","error":""},"_links":{"self":[{"href":"https:\/\/www.europesays.com\/ee\/wp-json\/wp\/v2\/posts\/231832","targetHints":{"allow":["GET"]}}],"collection":[{"href":"https:\/\/www.europesays.com\/ee\/wp-json\/wp\/v2\/posts"}],"about":[{"href":"https:\/\/www.europesays.com\/ee\/wp-json\/wp\/v2\/types\/post"}],"author":[{"embeddable":true,"href":"https:\/\/www.europesays.com\/ee\/wp-json\/wp\/v2\/users\/2"}],"replies":[{"embeddable":true,"href":"https:\/\/www.europesays.com\/ee\/wp-json\/wp\/v2\/comments?post=231832"}],"version-history":[{"count":0,"href":"https:\/\/www.europesays.com\/ee\/wp-json\/wp\/v2\/posts\/231832\/revisions"}],"wp:featuredmedia":[{"embeddable":true,"href":"https:\/\/www.europesays.com\/ee\/wp-json\/wp\/v2\/media\/231833"}],"wp:attachment":[{"href":"https:\/\/www.europesays.com\/ee\/wp-json\/wp\/v2\/media?parent=231832"}],"wp:term":[{"taxonomy":"category","embeddable":true,"href":"https:\/\/www.europesays.com\/ee\/wp-json\/wp\/v2\/categories?post=231832"},{"taxonomy":"post_tag","embeddable":true,"href":"https:\/\/www.europesays.com\/ee\/wp-json\/wp\/v2\/tags?post=231832"}],"curies":[{"name":"wp","href":"https:\/\/api.w.org\/{rel}","templated":true}]}}