{"id":231840,"date":"2026-07-19T16:12:19","date_gmt":"2026-07-19T16:12:19","guid":{"rendered":"https:\/\/www.europesays.com\/ee\/231840\/"},"modified":"2026-07-19T16:12:19","modified_gmt":"2026-07-19T16:12:19","slug":"ullatus-esiliigas-fc-tallinn-lopetas-welco-uheksamangulise-kaotuseta-seeria-soccernet-ee","status":"publish","type":"post","link":"https:\/\/www.europesays.com\/ee\/231840\/","title":{"rendered":"\u00dcllatus Esiliigas: FC Tallinn l\u00f5petas Welco \u00fcheksam\u00e4ngulise kaotuseta seeria &#8211; Soccernet.ee"},"content":{"rendered":"<p><img decoding=\"async\" src=\"https:\/\/www.europesays.com\/ee\/wp-content\/uploads\/2026\/07\/1784397030.jpg\" alt=\"Tartu Welco kaotas FC Tallinnale. Foto: Kristjan Praks (arhiiv)\"\/>&#13;\n<\/p>\n<p>Eelmises voorus v\u00f5\u00f5rsil Maardu Linnameeskonna 8:1 alistanud ja Esiliigas \u00fcheksa m\u00e4ngu j\u00e4rjest kaotuseta olnud Tartu Welco j\u00e4i kodus 0:2 alla FC Tallinnale.<\/p>\n<p>FC Tallinn haaras Holmi jalgpallipargis juhtohjad juba neljandal minutil, kui skoori avas Leonid Arhipov. K\u00fcmmekond minutit enne poolajavilet suurendas k\u00fclaliste eduseisu Denis \u017duravljov. Teisel poolajal v\u00e4ravaid ei l\u00f6\u00f6dud ja tabeliliider Welco sai hooaja kolmanda kaotuse. Kuna Viimsi kaotas neljap\u00e4eval kodus 1:3 Elvale, siis j\u00e4tkab Welco tabeli tipus 13-punktilise eduga. Enne m\u00e4ngu tabelis viimasel kohal asunud FC Tallinn t\u00f5usis kaheksandaks.&#13;\n<\/p>\n<p>Viimsi j\u00e4rel kolmandal kohal olev FC Flora duubelmeeskond kaotas Lillek\u00fcla harjutusv\u00e4ljakul 1:3 Maardule, kui k\u00f5ik v\u00e4ravad l\u00f6\u00f6di teisel poolajal. Aleksandr Volkov skooris kaks korda, seej\u00e4rel l\u00f5i Eerik Paltser Flora eest \u00fche v\u00e4rava tagasi ja Manucho vormistas l\u00f5ppseisu.&#13;\n<\/p>\n<p>Tallinna Kalev alistas Sportland Arenal 3:1 N\u00f5mme Unitedi duubelmeeskonna. Raiko Ilves kasutas esimesel poolajal Gert Kabali j\u00e4medad s\u00f6\u00f6dueksimused \u00e4ra ja l\u00f5i Kalevi 2:0 juhtima. Kuigi Ottomar Rootsma l\u00f5i teise poolaja alguses Unitedi eest \u00fche v\u00e4rava tagasi, siis Oscar De Pizzol realiseeris 55. minutil penalti ja tegi l\u00f5ppseisuks 3:1.<\/p>\n<p>Hiiu kunstmuruv\u00e4ljakul toimunud N\u00f5mme Kalju ja FCI Levadia duubelmeeskondade lahingus j\u00e4id 2:0 peale k\u00fclalised. Levadia eest tegid skoori Aleksander \u0160vedovski ja Tristan Zahovaiko.\u00a0&#13;<\/p>\n","protected":false},"excerpt":{"rendered":"&#13; Eelmises voorus v\u00f5\u00f5rsil Maardu Linnameeskonna 8:1 alistanud ja Esiliigas \u00fcheksa m\u00e4ngu j\u00e4rjest kaotuseta olnud Tartu Welco j\u00e4i&hellip;\n","protected":false},"author":2,"featured_media":231841,"comment_status":"","ping_status":"","sticky":false,"template":"","format":"standard","meta":{"footnotes":"","_share_on_mastodon":"0"},"categories":[18],"tags":[37,33,35,1466,34,36,2324,1467,2325,2326,1619,2327,2328,949,2464,2330,10844,159,158,2130,1343,5061,10846,1476],"class_list":["post-231840","post","type-post","status-publish","format-standard","has-post-thumbnail","category-sport","tag-ee","tag-eesti","tag-eesti-keel","tag-esiliiga","tag-estonia","tag-estonian","tag-fc-flora-u21","tag-fc-tallinn","tag-fci-levadia-u21","tag-flora-u21","tag-kalev","tag-kalju-u21","tag-levadia-u21","tag-maardu","tag-maardu-linnameeskond","tag-nomme-kalju-u21","tag-nomme-united-u21","tag-sport","tag-sports","tag-tallinn","tag-tallinna-kalev","tag-tartu-welco","tag-united-u21","tag-welco"],"share_on_mastodon":{"url":"https:\/\/pubeurope.com\/@ee\/116947527460501961","error":""},"_links":{"self":[{"href":"https:\/\/www.europesays.com\/ee\/wp-json\/wp\/v2\/posts\/231840","targetHints":{"allow":["GET"]}}],"collection":[{"href":"https:\/\/www.europesays.com\/ee\/wp-json\/wp\/v2\/posts"}],"about":[{"href":"https:\/\/www.europesays.com\/ee\/wp-json\/wp\/v2\/types\/post"}],"author":[{"embeddable":true,"href":"https:\/\/www.europesays.com\/ee\/wp-json\/wp\/v2\/users\/2"}],"replies":[{"embeddable":true,"href":"https:\/\/www.europesays.com\/ee\/wp-json\/wp\/v2\/comments?post=231840"}],"version-history":[{"count":0,"href":"https:\/\/www.europesays.com\/ee\/wp-json\/wp\/v2\/posts\/231840\/revisions"}],"wp:featuredmedia":[{"embeddable":true,"href":"https:\/\/www.europesays.com\/ee\/wp-json\/wp\/v2\/media\/231841"}],"wp:attachment":[{"href":"https:\/\/www.europesays.com\/ee\/wp-json\/wp\/v2\/media?parent=231840"}],"wp:term":[{"taxonomy":"category","embeddable":true,"href":"https:\/\/www.europesays.com\/ee\/wp-json\/wp\/v2\/categories?post=231840"},{"taxonomy":"post_tag","embeddable":true,"href":"https:\/\/www.europesays.com\/ee\/wp-json\/wp\/v2\/tags?post=231840"}],"curies":[{"name":"wp","href":"https:\/\/api.w.org\/{rel}","templated":true}]}}