{"id":231897,"date":"2026-07-19T18:26:08","date_gmt":"2026-07-19T18:26:08","guid":{"rendered":"https:\/\/www.europesays.com\/ee\/231897\/"},"modified":"2026-07-19T18:26:08","modified_gmt":"2026-07-19T18:26:08","slug":"kodune-elektriauto-laadija-voib-hakata-omanikule-raha-teenima","status":"publish","type":"post","link":"https:\/\/www.europesays.com\/ee\/231897\/","title":{"rendered":"Kodune elektriauto laadija v\u00f5ib hakata omanikule raha teenima"},"content":{"rendered":"<p>Elektriauto kodus laadimine v\u00f5ib tulevikus tuua selle omanikule lisatulu v\u00f5i odavama elektri. P\u00f5hjus on selles, et Eestis plaanitakse laiendada juba toimivat elektriautodes kasutatavat taastuvenergia krediidi kauplemiss\u00fcsteemi ka kodustele laadijatele. Praegu saavad sellest s\u00fcsteemist kasu avalike laadimisv\u00f5rkude operaatorid, kuid tulevikus v\u00f5iksid sellest osa saada ka eratarbijad.<\/p>\n","protected":false},"excerpt":{"rendered":"Elektriauto kodus laadimine v\u00f5ib tulevikus tuua selle omanikule lisatulu v\u00f5i odavama elektri. P\u00f5hjus on selles, et Eestis plaanitakse&hellip;\n","protected":false},"author":2,"featured_media":231898,"comment_status":"","ping_status":"","sticky":false,"template":"","format":"standard","meta":{"footnotes":"","_share_on_mastodon":"0"},"categories":[14],"tags":[131,130,37,33,35,55751,26204,655,34,36,590,3081,3592,92867,92868,92870,92869,92865,92864,2226,92866],"class_list":["post-231897","post","type-post","status-publish","format-standard","has-post-thumbnail","category-ari","tag-ari","tag-business","tag-ee","tag-eesti","tag-eesti-keel","tag-elektriauto-laadimine","tag-elektritransport","tag-elering","tag-estonia","tag-estonian","tag-euroopa-liit","tag-kliimaministeerium","tag-kutusehind","tag-kutusetarnijad","tag-red-iii","tag-taastuvenergia-direktiiv","tag-taastuvenergia-kohustus","tag-taastuvenergia-krediit","tag-taastuvenergia-statistika","tag-tesla","tag-transpordistatistika"],"share_on_mastodon":{"url":"https:\/\/pubeurope.com\/@ee\/116948054061263856","error":""},"_links":{"self":[{"href":"https:\/\/www.europesays.com\/ee\/wp-json\/wp\/v2\/posts\/231897","targetHints":{"allow":["GET"]}}],"collection":[{"href":"https:\/\/www.europesays.com\/ee\/wp-json\/wp\/v2\/posts"}],"about":[{"href":"https:\/\/www.europesays.com\/ee\/wp-json\/wp\/v2\/types\/post"}],"author":[{"embeddable":true,"href":"https:\/\/www.europesays.com\/ee\/wp-json\/wp\/v2\/users\/2"}],"replies":[{"embeddable":true,"href":"https:\/\/www.europesays.com\/ee\/wp-json\/wp\/v2\/comments?post=231897"}],"version-history":[{"count":0,"href":"https:\/\/www.europesays.com\/ee\/wp-json\/wp\/v2\/posts\/231897\/revisions"}],"wp:featuredmedia":[{"embeddable":true,"href":"https:\/\/www.europesays.com\/ee\/wp-json\/wp\/v2\/media\/231898"}],"wp:attachment":[{"href":"https:\/\/www.europesays.com\/ee\/wp-json\/wp\/v2\/media?parent=231897"}],"wp:term":[{"taxonomy":"category","embeddable":true,"href":"https:\/\/www.europesays.com\/ee\/wp-json\/wp\/v2\/categories?post=231897"},{"taxonomy":"post_tag","embeddable":true,"href":"https:\/\/www.europesays.com\/ee\/wp-json\/wp\/v2\/tags?post=231897"}],"curies":[{"name":"wp","href":"https:\/\/api.w.org\/{rel}","templated":true}]}}