{"id":231959,"date":"2026-07-19T21:01:06","date_gmt":"2026-07-19T21:01:06","guid":{"rendered":"https:\/\/www.europesays.com\/ee\/231959\/"},"modified":"2026-07-19T21:01:06","modified_gmt":"2026-07-19T21:01:06","slug":"usa-teatel-hukkus-pohja-iraagis-onnetuses-sojavaelane","status":"publish","type":"post","link":"https:\/\/www.europesays.com\/ee\/231959\/","title":{"rendered":"USA teatel hukkus P\u00f5hja-Iraagis \u00f5nnetuses s\u00f5jav\u00e4elane"},"content":{"rendered":"<p>USA relvaj\u00f5ud teatasid p\u00fchap\u00e4eval, et P\u00f5hja-Iraagis hukkus allatulistatud Iraani droonilt p\u00e4rit l\u00f5hkemata laskemoona kontrollitud l\u00f5hkamisel USA s\u00f5jav\u00e4elane.<\/p>\n<p>Laup\u00e4evane surmajuhtum t\u00f5stab 17-ni kinnitatud hukkunud USA s\u00f5jav\u00e4elaste arvu alates ajast, mil \u00dchendriigid ja Iisrael alustasid 28. veebruaril s\u00f5da r\u00fcnnakutelainega Iraani sihtm\u00e4rkidele.<\/p>\n","protected":false},"excerpt":{"rendered":"USA relvaj\u00f5ud teatasid p\u00fchap\u00e4eval, et P\u00f5hja-Iraagis hukkus allatulistatud Iraani droonilt p\u00e4rit l\u00f5hkemata laskemoona kontrollitud l\u00f5hkamisel USA s\u00f5jav\u00e4elane. Laup\u00e4evane&hellip;\n","protected":false},"author":2,"featured_media":231960,"comment_status":"","ping_status":"","sticky":false,"template":"","format":"standard","meta":{"footnotes":"","_share_on_mastodon":"0"},"categories":[80],"tags":[587,26,27,37,33,35,34,36,31,32,21,4882,11850,28,29,95,19,25,23,24,22,20,30,92,93,94],"class_list":["post-231959","post","type-post","status-publish","format-standard","has-post-thumbnail","category-maailm","tag-ameerika-uhendriigid","tag-breaking-news","tag-breakingnews","tag-ee","tag-eesti","tag-eesti-keel","tag-estonia","tag-estonian","tag-featured-news","tag-featurednews","tag-headlines","tag-iraak","tag-jordaania","tag-latest-news","tag-latestnews","tag-maailm","tag-news","tag-populaarseimad-lood","tag-top-stories","tag-topstories","tag-uldised-uudised","tag-uudised","tag-viimased-uudised","tag-world","tag-world-news","tag-worldnews"],"share_on_mastodon":{"url":"https:\/\/pubeurope.com\/@ee\/116948663358604182","error":""},"_links":{"self":[{"href":"https:\/\/www.europesays.com\/ee\/wp-json\/wp\/v2\/posts\/231959","targetHints":{"allow":["GET"]}}],"collection":[{"href":"https:\/\/www.europesays.com\/ee\/wp-json\/wp\/v2\/posts"}],"about":[{"href":"https:\/\/www.europesays.com\/ee\/wp-json\/wp\/v2\/types\/post"}],"author":[{"embeddable":true,"href":"https:\/\/www.europesays.com\/ee\/wp-json\/wp\/v2\/users\/2"}],"replies":[{"embeddable":true,"href":"https:\/\/www.europesays.com\/ee\/wp-json\/wp\/v2\/comments?post=231959"}],"version-history":[{"count":0,"href":"https:\/\/www.europesays.com\/ee\/wp-json\/wp\/v2\/posts\/231959\/revisions"}],"wp:featuredmedia":[{"embeddable":true,"href":"https:\/\/www.europesays.com\/ee\/wp-json\/wp\/v2\/media\/231960"}],"wp:attachment":[{"href":"https:\/\/www.europesays.com\/ee\/wp-json\/wp\/v2\/media?parent=231959"}],"wp:term":[{"taxonomy":"category","embeddable":true,"href":"https:\/\/www.europesays.com\/ee\/wp-json\/wp\/v2\/categories?post=231959"},{"taxonomy":"post_tag","embeddable":true,"href":"https:\/\/www.europesays.com\/ee\/wp-json\/wp\/v2\/tags?post=231959"}],"curies":[{"name":"wp","href":"https:\/\/api.w.org\/{rel}","templated":true}]}}