{"id":231997,"date":"2026-07-19T21:54:20","date_gmt":"2026-07-19T21:54:20","guid":{"rendered":"https:\/\/www.europesays.com\/ee\/231997\/"},"modified":"2026-07-19T21:54:20","modified_gmt":"2026-07-19T21:54:20","slug":"suunamudijatest-vennad-tateid-voeti-usa-s-briti-voimude-suudistusel-kinni-valismaa","status":"publish","type":"post","link":"https:\/\/www.europesays.com\/ee\/231997\/","title":{"rendered":"Suunamudijatest vennad Tate&#8217;id v\u00f5eti USA-s Briti v\u00f5imude s\u00fc\u00fcdistusel kinni | V\u00e4lismaa"},"content":{"rendered":"<p>Suunamudija Andrew Tate ja tema vend Tristan Tate peeti USA-s Miami linnas kinni p\u00e4rast seda, kui Suurbritannia v\u00f5imud teatasid neile uute s\u00fc\u00fcdistuste esitamisest.<\/p>\n<p>\u00dchendkuningriigi prokuratuuri (CPS) teatel esitatakse Andrew Tate&#8217;ile veel seitse s\u00fc\u00fcdistust v\u00e4gistamises ning lisaks muid s\u00fc\u00fcdistusi arvatavates kuritegudes, sealhulgas inimkaubanduses seksuaalse \u00e4rakasutamise eesm\u00e4rgil ja laste s\u00fcndsusetute piltide omamises.<\/p>\n<p>Tristan Tate&#8217;ile esitati s\u00fc\u00fcdistus \u00fches seksuaalr\u00fcnnakus, kahes v\u00e4gistamises ja kolmes inimkaubanduse korraldamises v\u00f5i soodustamises seksuaalse \u00e4rakasutamise eesm\u00e4rgil.<\/p>\n<p>V\u00e4idetavad kuriteod pandi toime 2010. aasta juulist kuni 2017. aasta augustini. Vennad Tate&#8217;id on varasemalt igasugust s\u00fc\u00fcd eitanud.<\/p>\n<p>&#8220;Otsus uued s\u00fc\u00fcdistused esitada tehti p\u00e4rast seda, kui Bedfordshire&#8217;i politsei edastas t\u00e4iendavad t\u00f5endid, mille tulemusena kasvas v\u00e4idetavate ohvrite koguarv selles kohtuasjas seitsmeni,&#8221; \u00fctles CPS-i erikuritegude osakonna juht Malcolm McHaffie.<\/p>\n<p>USA marssaliteenistus kinnitas BBC-le, et vennad v\u00f5eti vahi alla, ning USA justiitsministeeriumi pressiesindaja s\u00f5nul peeti nad kinni seoses v\u00e4ljaandmismenetlusega.<\/p>\n<p>CPS teatas oma avalduses, et taotleb Suurbritannia ja USA topeltkodakondsusega vendade USA-st v\u00e4ljaandmist.<\/p>\n<p>Vendade advokaat Joseph McBride \u00fctles laup\u00e4eva \u00f5htul p\u00e4rast vahistamist tehtud avalduses, et kogu maailm teab, et Andrew ja Tristan on s\u00fc\u00fctud.<\/p>\n<p>&#8220;Seda teavad k\u00f5ige paremini nende vaenlased. Just seet\u00f5ttu neid r\u00fcnnataksegi,&#8221; j\u00e4tkas McBride, nimetades uusi Suurbritannia s\u00fc\u00fcdistusi poliitiliseks tellimust\u00f6\u00f6ks.<\/p>\n<p>Advokaadi s\u00f5nul esitati uued s\u00fc\u00fcdistused eesm\u00e4rgiga takistada laimuhagi, mille vennad USA-s algatasid.<\/p>\n<p>&#8220;Oleme kindlad, et kui p\u00e4dev kohtunik on faktidega tutvunud ja justiitsministeerium astub vastu sellele ennekuulmatule v\u00f5imu kuritarvitamisele, p\u00e4\u00e4sevad Andrew ja Tristan Tate vabadusse. Ameerika ei tee \u00e4ra Suurbritannia poliitilist musta t\u00f6\u00f6d,&#8221; j\u00e4tkas ta.<\/p>\n<p>2025.aasta mais kinnitas Briti prokuratuur 21 s\u00fc\u00fcdistusest koosneva nimekirja, millega Tate&#8217;id Suurbritannias l\u00f5puks silmitsi seisavad. V\u00e4idetavad kuriteod pandi toime aastatel 2012\u20132016.<\/p>\n<p>2024. aastal sai Bedfordshire&#8217;i politsei vendadele Euroopa vahistamism\u00e4\u00e4rused, et tuua nad tagasi Rumeeniast, kus nad elavad ja kus nende suhtes on algatatud kriminaaluurimine.<\/p>\n<p>Juunis l\u00fckati tagasi vendade kohtulik n\u00f5ue avaldada Suurbritannia s\u00fc\u00fcdistajate nimed, kuna CPS otsustas, et v\u00e4idetavate ohvrite isikud tuleb hoida salajas ametliku kohtumenetluse alguseni.<\/p>\n<blockquote class=\"twitter-tweet\">\n<p lang=\"en\" dir=\"ltr\">Both Andrew and Tristan Tate have been arrested by U.S. Marshals outside of a private event in Miami, Florida, following an extradition request by the UK Government against the brothers on over fifty charges related to rape, arranging or facilitating trafficking for sexual\u2026 <a href=\"https:\/\/t.co\/zW9qOOhlFU\" rel=\"nofollow\">pic.twitter.com\/zW9qOOhlFU<\/a><\/p>\n<p>\u2014 OSINTdefender (@sentdefender) <a href=\"https:\/\/x.com\/sentdefender\/status\/2078649379876171858?ref_src=twsrc%5Etfw\" rel=\"nofollow\">July 19, 2026<\/a><\/p><\/blockquote>\n<p><script async src=\"https:\/\/platform.twitter.com\/widgets.js\" charset=\"utf-8\"><\/script><\/p>\n","protected":false},"excerpt":{"rendered":"Suunamudija Andrew Tate ja tema vend Tristan Tate peeti USA-s Miami linnas kinni p\u00e4rast seda, kui Suurbritannia v\u00f5imud&hellip;\n","protected":false},"author":2,"featured_media":231998,"comment_status":"","ping_status":"","sticky":false,"template":"","format":"standard","meta":{"footnotes":"","_share_on_mastodon":"0"},"categories":[18],"tags":[16608,92896,37,33,35,34,36,5028,159,158],"class_list":["post-231997","post","type-post","status-publish","format-standard","has-post-thumbnail","category-sport","tag-andrew-tate","tag-briti-prokuratuur","tag-ee","tag-eesti","tag-eesti-keel","tag-estonia","tag-estonian","tag-inimkaubandus","tag-sport","tag-sports"],"share_on_mastodon":{"url":"https:\/\/pubeurope.com\/@ee\/116948871775118659","error":""},"_links":{"self":[{"href":"https:\/\/www.europesays.com\/ee\/wp-json\/wp\/v2\/posts\/231997","targetHints":{"allow":["GET"]}}],"collection":[{"href":"https:\/\/www.europesays.com\/ee\/wp-json\/wp\/v2\/posts"}],"about":[{"href":"https:\/\/www.europesays.com\/ee\/wp-json\/wp\/v2\/types\/post"}],"author":[{"embeddable":true,"href":"https:\/\/www.europesays.com\/ee\/wp-json\/wp\/v2\/users\/2"}],"replies":[{"embeddable":true,"href":"https:\/\/www.europesays.com\/ee\/wp-json\/wp\/v2\/comments?post=231997"}],"version-history":[{"count":0,"href":"https:\/\/www.europesays.com\/ee\/wp-json\/wp\/v2\/posts\/231997\/revisions"}],"wp:featuredmedia":[{"embeddable":true,"href":"https:\/\/www.europesays.com\/ee\/wp-json\/wp\/v2\/media\/231998"}],"wp:attachment":[{"href":"https:\/\/www.europesays.com\/ee\/wp-json\/wp\/v2\/media?parent=231997"}],"wp:term":[{"taxonomy":"category","embeddable":true,"href":"https:\/\/www.europesays.com\/ee\/wp-json\/wp\/v2\/categories?post=231997"},{"taxonomy":"post_tag","embeddable":true,"href":"https:\/\/www.europesays.com\/ee\/wp-json\/wp\/v2\/tags?post=231997"}],"curies":[{"name":"wp","href":"https:\/\/api.w.org\/{rel}","templated":true}]}}