{"id":232003,"date":"2026-07-19T22:05:31","date_gmt":"2026-07-19T22:05:31","guid":{"rendered":"https:\/\/www.europesays.com\/ee\/232003\/"},"modified":"2026-07-19T22:05:31","modified_gmt":"2026-07-19T22:05:31","slug":"schjonning-larseni-koduklubi-on-uut-hooaega-alustanud-kahe-raske-voiduga-soccernet-ee","status":"publish","type":"post","link":"https:\/\/www.europesays.com\/ee\/232003\/","title":{"rendered":"Schj\u00f6nning-Larseni koduklubi on uut hooaega alustanud kahe raske v\u00f5iduga &#8211; Soccernet.ee"},"content":{"rendered":"<p><img decoding=\"async\" src=\"https:\/\/www.europesays.com\/ee\/wp-content\/uploads\/2026\/07\/1784392637.jpg\" alt=\"Michael Schj\u00f6nning-Larsen. Foto: Liisi Troska \/ jalgpall.ee\"\/>&#13;\n<\/p>\n<p>Eesti koondise \u00e4\u00e4rekaitsja Michael Schj\u00f6nning-Larseni koduklubi Kilmarnock sai \u0160otimaa liigakarikas teise raske v\u00f5idu j\u00e4rjest.<\/p>\n<p>\u0160otimaa k\u00f5rgliigas m\u00e4ngiv Kilmarnock alistas tugevuselt neljanda liiga meeskonna Elgin City 1:0. Kilmarnock m\u00e4ngis alates 37. minutist k\u00fcmnekesi ja l\u00f5i m\u00e4ngu ainsa v\u00e4rava 90+3. minutil. Algkoosseisu kuulunud Schj\u00f6nning-Larsen vahetati m\u00f5ned minutid enne v\u00f5iduv\u00e4ravat v\u00e4lja.&#13;\n<\/p>\n<p>Kilmarnock on alagrupis kogunud kahe m\u00e4nguga viis punkti. Kui Elgini \u00fcle normaalajal saadud v\u00f5it andis kolm punkti, siis avam\u00e4ngus alistati esiliigas m\u00e4ngiv Raith p\u00e4rast 0:0 l\u00f5ppenud normaalaega penaltiseerias ja saadi kaks punkti.&#13;\n<\/p>\n<p>\u0160otimaa liigakarikas on kokku kaheksa viieliikmelisest alagruppi, kust p\u00e4\u00e4sevad edasi v\u00f5itjad ja kolm paremat teise koha meeskonda. J\u00e4rgmises ringis on koha kindlustanud eurosarjas osalevad meeskonnad ehk Celtic, Hearts, Rangers, Motherwell ja Hibernian.<\/p>\n<p>Eesti koondise poolkaitsja Markus Soometsa koduklubi Start kaotas Norra k\u00f5rgliigas kodus 0:3 Rosenborgile. Soomets j\u00e4lgis kohtumist pingilt. Kolmanda kaotuse j\u00e4rjest saanud Start on 14 m\u00e4nguga kogunud seitse punkti ja asub 16 meeskonna konkurentsis viimasel kohal.\u00a0&#13;\n<\/p>\n<p>Nikita Komissarovi t\u00f6\u00f6andja Minija alistas Leedu esiliigas 2:1 Jonova, kui k\u00f5ik v\u00e4ravad l\u00f6\u00f6di esimesel poolajal. Komissarov alustas kohtumist algkoosseisus, sai 75. minutil kollase kaardi ja vahetati viis minutit hiljem v\u00e4lja. Minija j\u00e4tkab tabeli tipus, edestades m\u00e4ngu v\u00e4hem pidanud l\u00e4himat j\u00e4litajat Babrungast nelja punktiga.<\/p>\n","protected":false},"excerpt":{"rendered":"&#13; Eesti koondise \u00e4\u00e4rekaitsja Michael Schj\u00f6nning-Larseni koduklubi Kilmarnock sai \u0160otimaa liigakarikas teise raske v\u00f5idu j\u00e4rjest. \u0160otimaa k\u00f5rgliigas m\u00e4ngiv&hellip;\n","protected":false},"author":2,"featured_media":232004,"comment_status":"","ping_status":"","sticky":false,"template":"","format":"standard","meta":{"footnotes":"","_share_on_mastodon":"0"},"categories":[18],"tags":[37,33,35,34,36,33743,8284,919,19357,51091,8286,22995,8580,159,158,8581],"class_list":["post-232003","post","type-post","status-publish","format-standard","has-post-thumbnail","category-sport","tag-ee","tag-eesti","tag-eesti-keel","tag-estonia","tag-estonian","tag-kilmarnock","tag-komissarov","tag-markus-soomets","tag-michael-schjonning-larse","tag-minija","tag-nikita-komissarov","tag-schjonning-larsen","tag-soomets","tag-sport","tag-sports","tag-start"],"share_on_mastodon":{"url":"https:\/\/pubeurope.com\/@ee\/116948914962261958","error":""},"_links":{"self":[{"href":"https:\/\/www.europesays.com\/ee\/wp-json\/wp\/v2\/posts\/232003","targetHints":{"allow":["GET"]}}],"collection":[{"href":"https:\/\/www.europesays.com\/ee\/wp-json\/wp\/v2\/posts"}],"about":[{"href":"https:\/\/www.europesays.com\/ee\/wp-json\/wp\/v2\/types\/post"}],"author":[{"embeddable":true,"href":"https:\/\/www.europesays.com\/ee\/wp-json\/wp\/v2\/users\/2"}],"replies":[{"embeddable":true,"href":"https:\/\/www.europesays.com\/ee\/wp-json\/wp\/v2\/comments?post=232003"}],"version-history":[{"count":0,"href":"https:\/\/www.europesays.com\/ee\/wp-json\/wp\/v2\/posts\/232003\/revisions"}],"wp:featuredmedia":[{"embeddable":true,"href":"https:\/\/www.europesays.com\/ee\/wp-json\/wp\/v2\/media\/232004"}],"wp:attachment":[{"href":"https:\/\/www.europesays.com\/ee\/wp-json\/wp\/v2\/media?parent=232003"}],"wp:term":[{"taxonomy":"category","embeddable":true,"href":"https:\/\/www.europesays.com\/ee\/wp-json\/wp\/v2\/categories?post=232003"},{"taxonomy":"post_tag","embeddable":true,"href":"https:\/\/www.europesays.com\/ee\/wp-json\/wp\/v2\/tags?post=232003"}],"curies":[{"name":"wp","href":"https:\/\/api.w.org\/{rel}","templated":true}]}}