{"id":232041,"date":"2026-07-20T02:07:07","date_gmt":"2026-07-20T02:07:07","guid":{"rendered":"https:\/\/www.europesays.com\/ee\/232041\/"},"modified":"2026-07-20T02:07:07","modified_gmt":"2026-07-20T02:07:07","slug":"zidanei-pealook-viigistas-seisu-aga-fernandezi-rumal-punane-tostis-argentina-taas-liidriks-postimees-sport","status":"publish","type":"post","link":"https:\/\/www.europesays.com\/ee\/232041\/","title":{"rendered":"Zidane&#039;i peal\u00f6\u00f6k viigistas seisu, aga Fernandezi rumal punane t\u00f5stis Argentina taas liidriks &#8211; Postimees Sport"},"content":{"rendered":"<ol>\n<li><a href=\"https:\/\/news.google.com\/rss\/articles\/CBMixAFBVV95cUxPZkxybV9SLVZXZnFoOWpwTDZoVE83azJkcDljNm5hWnBsaURUWDVmMlJSM0xySENJZWJNalpLR29EbEJvOVNmeVM4emwwWldBS1N6ZU9pdEVBTXpwM3dtOWlSVzhraVRaN2p4MGhobzJQWGh5SGJCcUprX1hRc25aSmxYQ3lVVTAwOXJha0c3c055NEdPcFJ0MGxNb29vN0dtQ3pKWU03Yjd1MkVZMG5tTXpVdkZiaEdKVDFKbVIwdTMzUE5y?oc=5\" target=\"_blank\" rel=\"nofollow noopener\">Zidane&#8217;i peal\u00f6\u00f6k viigistas seisu, aga Fernandezi rumal punane t\u00f5stis Argentina taas liidriks<\/a>&nbsp;&nbsp;Postimees Sport<\/li>\n<li><a href=\"https:\/\/news.google.com\/rss\/articles\/CBMizgFBVV95cUxNVzU5T0JzUkowUDl4Rldxb29uTjBaaloyVHE3SHV5SFUtOTd6M2R2bUFrRUZYX0RUcGJ0N3VPdER4bUg0V3JfUjdBVGNlUXZ3OHp6eHpvQ3BnRUxUQUFKVzZUUm8wYk5mQ0dCUHY4QU9tLUVjQ1JRWktidTh0NEM0eEZoM0h4WjlSQXZDM3RPTDFhdDMyMGJBSnU1MTlfVWtSSzRqNncxUHI3aE42N2lIcXNYZ0g1TWc5Zzc1bjVrTkpoTVBISDBDM2NxTHJOQQ?oc=5\" target=\"_blank\" rel=\"nofollow noopener\">JALKABLOGI | Lisaajal Argentina maha murdnud Hispaania krooniti maailmameistriks!<\/a>&nbsp;&nbsp;Delfi Sport<\/li>\n<li><a href=\"https:\/\/news.google.com\/rss\/articles\/CBMiwAFBVV95cUxNOUdnUkljNW9uMzRRUGw3Z1VxbWYwT211WElmbmE4eDh3Q2U5anhRSXEycm1jNVN5RVNhNHVxVkpLVDFrN2dYVnRpM0FmaG1vUGRJb01RVU1xRlRSTEtIRDdBWjFNWHU1MFNlYTk1YUwxX1JPcnlyT2liZVNRWmNZaGdfUmp6WDY2N3dJd1M4Z3ZMYWxfQlY4X2tZeUFQMnBTSnViRVd4ME5UUE9GNUpMejZOSmQ3UWlwZjB3cGptVmQ?oc=5\" target=\"_blank\" rel=\"nofollow noopener\">BLOGI | Hispaania krooniti maailmameistriks! Trump s\u00e4ttis end t\u00e4histamisel peategelaseks<\/a>&nbsp;&nbsp;\u00d5htuleht<\/li>\n<li><a href=\"https:\/\/news.google.com\/rss\/articles\/CBMiwgFBVV95cUxQZGtZd3AtdFFnbllMYmFCX3VidFFjR19hWDBfVXVDMEtBUVFCeUktMUUzSVZ0RkJ3NDNHQjN6ZHBvdy1nemFmSlFCWGk1bFNVT1EwUDR5Q1k3alp5NmI1YzV0WnpRX1lpOXM2dHBncnJTaW5OV2wzWXlBejJkT2ZCdHdGWUZCbVR4c05KTUtOWVo1c2ZPUEtZV2xmbWh1VkFjRkRPYzlZT0FXSHMyRjRnd0JRT2o1c3dPdF9pLV9OdXFIUQ?oc=5\" target=\"_blank\" rel=\"nofollow noopener\">BLOGI HISPAANIA ON MAAILMAMEISTER! La Roja murdis finaalis kaitses istunud Argentina ja v\u00f5ttis \u00f5iglase v\u00f5idu<\/a>&nbsp;&nbsp;Postimees Sport<\/li>\n<li><a href=\"https:\/\/news.google.com\/rss\/articles\/CBMi4wFBVV95cUxOUEJXQlgtSWhMcGk4aGVCeUM3RDVtV3BMczFJdmwybTU1UjVGcGFQZ2l4Q0V3UWl1SVdXUDk3ZHJNNm9VTlN3bG9xczdKZ2N6MFIxT3FYV2dhOXVTUnRKYVowVmhTSXpjZlF2RVgxZ3VBLXhaRndlb2FuUTg1Wl9DMVo5OXNOTlB0aGl0MHlHVHR4eTZaR3FFMDh3NlRURzNFalZwTjZZaTZGaVUzTURvNVZtcGxTNV9ka1dJZE5pd1JZd1h6UHhqUWt1U2hZVGhtTlE0NWV5aXBOUFdSS1Y0OFNTcw?oc=5\" target=\"_blank\" rel=\"nofollow noopener\">Jalgpalli maailmameistriv\u00f5istluste kihlveo hullus: 5,5 miljardi dollari eest panustatakse Hispaania v\u00f5idule Argentiina \u00fcle<\/a>&nbsp;&nbsp;Bitcoin News<\/li>\n<\/ol>\n","protected":false},"excerpt":{"rendered":"Zidane&#8217;i peal\u00f6\u00f6k viigistas seisu, aga Fernandezi rumal punane t\u00f5stis Argentina taas liidriks&nbsp;&nbsp;Postimees Sport JALKABLOGI | Lisaajal Argentina maha&hellip;\n","protected":false},"author":2,"featured_media":232042,"comment_status":"","ping_status":"","sticky":false,"template":"","format":"standard","meta":{"footnotes":"","_share_on_mastodon":"0"},"categories":[18],"tags":[15558,37,33,35,47409,34,36,10641,92905,7687,92903,92901,92902,10349,13376,92904,3889,159,158,11071],"class_list":["post-232041","post","type-post","status-publish","format-standard","has-post-thumbnail","category-sport","tag-argentina-jalgpallikoondis","tag-ee","tag-eesti","tag-eesti-keel","tag-enzo-fernandez","tag-estonia","tag-estonian","tag-ferran-torres","tag-gustavo-dezotti","tag-hispaania-jalgpallikoondis","tag-johnny-heitinga","tag-marcel-desailly","tag-marco-materazzi","tag-mm-2026","tag-mm-finaalturniir","tag-pedro-monzon","tag-punane-kaart","tag-sport","tag-sports","tag-zinedine-zidane"],"share_on_mastodon":{"url":"https:\/\/pubeurope.com\/@ee\/116949866453199817","error":""},"_links":{"self":[{"href":"https:\/\/www.europesays.com\/ee\/wp-json\/wp\/v2\/posts\/232041","targetHints":{"allow":["GET"]}}],"collection":[{"href":"https:\/\/www.europesays.com\/ee\/wp-json\/wp\/v2\/posts"}],"about":[{"href":"https:\/\/www.europesays.com\/ee\/wp-json\/wp\/v2\/types\/post"}],"author":[{"embeddable":true,"href":"https:\/\/www.europesays.com\/ee\/wp-json\/wp\/v2\/users\/2"}],"replies":[{"embeddable":true,"href":"https:\/\/www.europesays.com\/ee\/wp-json\/wp\/v2\/comments?post=232041"}],"version-history":[{"count":0,"href":"https:\/\/www.europesays.com\/ee\/wp-json\/wp\/v2\/posts\/232041\/revisions"}],"wp:featuredmedia":[{"embeddable":true,"href":"https:\/\/www.europesays.com\/ee\/wp-json\/wp\/v2\/media\/232042"}],"wp:attachment":[{"href":"https:\/\/www.europesays.com\/ee\/wp-json\/wp\/v2\/media?parent=232041"}],"wp:term":[{"taxonomy":"category","embeddable":true,"href":"https:\/\/www.europesays.com\/ee\/wp-json\/wp\/v2\/categories?post=232041"},{"taxonomy":"post_tag","embeddable":true,"href":"https:\/\/www.europesays.com\/ee\/wp-json\/wp\/v2\/tags?post=232041"}],"curies":[{"name":"wp","href":"https:\/\/api.w.org\/{rel}","templated":true}]}}