{"id":232206,"date":"2026-07-20T07:49:07","date_gmt":"2026-07-20T07:49:07","guid":{"rendered":"https:\/\/www.europesays.com\/ee\/232206\/"},"modified":"2026-07-20T07:49:07","modified_gmt":"2026-07-20T07:49:07","slug":"ulemiste-citys-avatakse-koostoos-elektriteatriga-suvine-valikino-film","status":"publish","type":"post","link":"https:\/\/www.europesays.com\/ee\/232206\/","title":{"rendered":"\u00dclemiste Citys avatakse koost\u00f6\u00f6s Elektriteatriga suvine v\u00e4likino | Film"},"content":{"rendered":"<p>Juulis ja augustis avatakse neljal \u00f5htul \u00dclemiste City kogukonnamaja katusel v\u00e4likino, kus n\u00e4idatakse koost\u00f6\u00f6s Elektriteatriga filmiklassikat.<\/p>\n<p>V\u00e4likino on \u00dclemiste City kogukonna algatus ning viidi ellu kogukonnafondi abil. Esmakordselt toimusid kinoseansid koost\u00f6\u00f6s Elektriteatriga kogukonnamaja katusel m\u00f6\u00f6dunud aastal. Sel aastal on kavas neli eri \u017eanrist ja aastak\u00fcmnest p\u00e4rit filmi.<\/p>\n<p>V\u00e4likinoga tehakse algust kolmap\u00e4eval 22. juulil, kui linastub &#8220;R\u00fc\u00fctli lugu&#8221; (2001), film, kus tegi esimese suure peaosa n\u00e4itleja Heath Ledger. Film r\u00e4\u00e4gib vaesest noormehest William Thatcherist, kes esineb aadlikuna, et osaleda r\u00fc\u00fctliturniiridel ja saavutada kuulsust. Oma unistuste poole p\u00fc\u00fceldes peab ta varjama oma tegelikku p\u00e4ritolu, v\u00f5itlema tugevate vastastega ning v\u00f5itma armastatud naise s\u00fcdame.\u00a0<\/p>\n<p>Samuti saab suurel ekraanil kogeda Steven Spielbergi legendaarset, mitu Oscarit p\u00e4lvinud linateost &#8220;Jurassic Park&#8221;(1993) ning eelmise sajandi \u00fcheks paremaks filmiks nimetatud Alfred Hitchcocki 1954. aastal kinolevisse j\u00f5udnud filmi &#8220;Tagaaken&#8221;. Linateoses on peaosades James Stewart ja Grace Kelly. Filmi keskmes on ratastooli aheldatud fotograaf, kes j\u00e4lgides oma korteri aknast vastasmaja naabreid hakkab kahtlustama, et \u00fches korteris on toime pandud m\u00f5rv. T\u00f5de v\u00e4lja selgitades satub ta koos oma l\u00e4hedastega aga \u00fcha ohtlikumasse olukord<\/p>\n<p>V\u00e4likino viimane seanss 28. augustil viib ajar\u00e4nnakule, n\u00e4idates seda, kuidas usuti tulevikku v\u00e4lja n\u00e4gevat 1985. aastal, mil linastus film &#8220;Tagasi tulevikku&#8221; (1985), kus peaosades Michael J. Fox ja Christopher Lloyd.<\/p>\n<p>Seansid algavad umbes 45 minutit p\u00e4rast p\u00e4ikeseloojangut.<\/p>\n","protected":false},"excerpt":{"rendered":"Juulis ja augustis avatakse neljal \u00f5htul \u00dclemiste City kogukonnamaja katusel v\u00e4likino, kus n\u00e4idatakse koost\u00f6\u00f6s Elektriteatriga filmiklassikat. V\u00e4likino on&hellip;\n","protected":false},"author":2,"featured_media":232207,"comment_status":"","ping_status":"","sticky":false,"template":"","format":"standard","meta":{"footnotes":"","_share_on_mastodon":"0"},"categories":[16],"tags":[37,33,35,4469,173,34,36,140,80633,92926],"class_list":["post-232206","post","type-post","status-publish","format-standard","has-post-thumbnail","category-meelelahutus","tag-ee","tag-eesti","tag-eesti-keel","tag-elektriteater","tag-entertainment","tag-estonia","tag-estonian","tag-meelelahutus","tag-suvekino","tag-valikino"],"share_on_mastodon":{"url":"https:\/\/pubeurope.com\/@ee\/116951211551977832","error":""},"_links":{"self":[{"href":"https:\/\/www.europesays.com\/ee\/wp-json\/wp\/v2\/posts\/232206","targetHints":{"allow":["GET"]}}],"collection":[{"href":"https:\/\/www.europesays.com\/ee\/wp-json\/wp\/v2\/posts"}],"about":[{"href":"https:\/\/www.europesays.com\/ee\/wp-json\/wp\/v2\/types\/post"}],"author":[{"embeddable":true,"href":"https:\/\/www.europesays.com\/ee\/wp-json\/wp\/v2\/users\/2"}],"replies":[{"embeddable":true,"href":"https:\/\/www.europesays.com\/ee\/wp-json\/wp\/v2\/comments?post=232206"}],"version-history":[{"count":0,"href":"https:\/\/www.europesays.com\/ee\/wp-json\/wp\/v2\/posts\/232206\/revisions"}],"wp:featuredmedia":[{"embeddable":true,"href":"https:\/\/www.europesays.com\/ee\/wp-json\/wp\/v2\/media\/232207"}],"wp:attachment":[{"href":"https:\/\/www.europesays.com\/ee\/wp-json\/wp\/v2\/media?parent=232206"}],"wp:term":[{"taxonomy":"category","embeddable":true,"href":"https:\/\/www.europesays.com\/ee\/wp-json\/wp\/v2\/categories?post=232206"},{"taxonomy":"post_tag","embeddable":true,"href":"https:\/\/www.europesays.com\/ee\/wp-json\/wp\/v2\/tags?post=232206"}],"curies":[{"name":"wp","href":"https:\/\/api.w.org\/{rel}","templated":true}]}}