{"id":232245,"date":"2026-07-20T08:37:14","date_gmt":"2026-07-20T08:37:14","guid":{"rendered":"https:\/\/www.europesays.com\/ee\/232245\/"},"modified":"2026-07-20T08:37:14","modified_gmt":"2026-07-20T08:37:14","slug":"faktikontroll-kas-urmas-viilma-arvutus-eesti-usklike-arvu-kohta-peab-paika","status":"publish","type":"post","link":"https:\/\/www.europesays.com\/ee\/232245\/","title":{"rendered":"FAKTIKONTROLL | Kas Urmas Viilma arvutus Eesti usklike arvu kohta peab paika?"},"content":{"rendered":"<p>TSITAAT | Urmas Viilma kirjutas ERRis avaldatud <a rel=\"noopener nofollow\" target=\"_blank\" href=\"https:\/\/www.err.ee\/1610067109\/urmas-viilma-kas-toesti-usutuhi-eesti\" data-rel-date-range=\"[]\">arvamusartiklis<\/a> j\u00e4rgnevat: \u201eV\u00e4rske uuringu tulemustest selgub, et 44 protsenti ei usu Jumala olemasolu, 29 protsenti eestimaalastest usub Jumala olemasolu, 19 protsenti kuulub v\u00f5i tunneb ennast osana m\u00f5nest kogudusest, 11 protsenti palvetab regulaarselt ja 7 protsenti k\u00e4ib v\u00e4hemalt korra kuus jumalateenistustel. \/\u2026\/ Statistikaameti j\u00e4rgi elas Eestis 2026. aasta 1. jaanuari seisuga 1 360 745 inimest. See t\u00e4hendab, et Jumalasse uskujaid on rahvaarvule teisendatult ligikaudu 395 000. \/\u2026\/ Seevastu 150 000 inimestest palvetab regulaarselt ja 95 000 k\u00e4ib v\u00e4hemalt korra kuus jumalateenistustel ja oma palvetele on vastuse saanud lausa 245 000 inimest.\u201c<\/p>\n<p>KONTROLL | Urmas Viilma viitas oma artiklis siseministeeriumi tellitud <a rel=\"noopener nofollow\" target=\"_blank\" href=\"https:\/\/siseministeerium.ee\/sites\/default\/files\/documents\/2026-07\/EUU2026_raport_kvant_v3.pdf\" data-rel-date-range=\"[]\">uuringule<\/a> \u201eEesti elanikkonna usuline identiteet\u201c. Uuring h\u00f5lmas t\u00e4isealist elanikkonda. Urmas Viilma teisendas uuringu tulemused kogu elanikkonna numbritele, mis sisaldab alaealisi. Seet\u00f5ttu on Viilma artiklis sisalduvad numbrid m\u00f5nev\u00f5rra eksitavad. <\/p>\n<p>N\u00f5nda on eksitav Viilma arvutus, et kuna uuringu j\u00e4rgi usub 29 protsenti eestimaalastest jumala olemasolu, siis see t\u00e4hendab, et jumalasse uskujaid on rahvaarvule teisendatult ligikaudu 395 000. Statistikaameti andmetel oli 2026. aasta 1. jaanuari seisuga Eestis 254 482 inimest vanuses 0 kuni 17. See tuleb rahvaarvust maha lahutada. N\u00f5nda on 29 protsenti t\u00e4isealisest elanikkonnast \u2013 kes uuringu j\u00e4rgi usuvad jumala olemasolu  \u2013  ligikaudu 321 000 inimest. Mitte 395 000 inimest, nagu v\u00e4itis Viilma. Jumalasse uskujate hulka alaealiste hulgas uuring ei t\u00e4psusta.<\/p>\n<p>Noorte usklikkust on uuritud 2021. aasta <a rel=\"noopener nofollow\" target=\"_blank\" href=\"https:\/\/www.stat.ee\/et\/uudised\/rahvaloendus-usku-omaks-pidavate-inimeste-osakaal-pusib-muutumatuna-oigeusk-jatkuvalt-levinuim\" data-rel-date-range=\"[]\">rahvaloendusel<\/a>, mille andmetel oli vanusegrupis 15\u201329 usklike vaid 14 protsenti. Pea k\u00f5igi usuliikide puhul oli osakaal nooremate seas v\u00e4iksem kui vanemate seas. Seega kuigi alaealiste usuliste veendumuste kohta t\u00e4psed andmed puuduvad, ei toeta nooremate vanuser\u00fchmade kohta teadaolev statistika Viilma arvutust.<\/p>\n<p>OTSUS | Nii ja naa. Siseministeeriumi uuring h\u00f5lmas ainult t\u00e4isealist elanikkonda kuid Viilma arvutused sisaldavad ka alaealisi.<\/p>\n<p>PROJEKTIST | Hea lugeja! Kui ka sinule j\u00e4\u00e4b silma m\u00f5ni valekahtlusega v\u00e4ide, saada see julgelt aadressile faktikontroll@delfi.ee. Delfi ja Eesti V\u00e4itlusselts k\u00e4ivitasid 2017. aastal Faktikontrolli projekti, mille k\u00e4igus j\u00e4lgitakse, kuidas poliitikud faktidega ringi k\u00e4ivad. V\u00e4itlusseltsi juures tegutsevad faktikontrol\u00f6rid j\u00e4lgivad igap\u00e4evaselt poliitikute ja teiste arvamusliidrite meedias v\u00e4lja\u00f6eldavat ning kontrollivad erinevaid esmapilgul kahtlust \u00e4ratavaid v\u00f5i k\u00fcsimusi tekitavaid v\u00e4iteid. Kontrolli tulemused ilmuvad Delfis ning seal antakse poliitikute v\u00e4idetele hinne kuuepunktiskaalal: eksitav, vale, pigem vale, nii ja naa, pigem t\u00f5si ja t\u00f5si.<\/p>\n<p>Kuidas see lugu Sind end tundma pani? Saada <a href=\"https:\/\/www.delfi.ee\/artikkel\/120598313\/faktikontroll-kas-urmas-viilma-arvutus-eesti-usklike-arvu-kohta-peab-paika\/kommentaarid\" class=\"article-body-bottom__comment article-body-bottom__comment--write button button--primary button--size-auto\" rel=\"nofollow noopener\" target=\"_blank\"> Kommenteeri <\/a><a href=\"https:\/\/www.delfi.ee\/artikkel\/120598313\/faktikontroll-kas-urmas-viilma-arvutus-eesti-usklike-arvu-kohta-peab-paika\/kommentaarid\" class=\"article-body-bottom__comment article-body-bottom__comment--read button button--size-auto\" rel=\"nofollow noopener\" target=\"_blank\"> Loe kommentaare (31)<\/a><\/p>\n","protected":false},"excerpt":{"rendered":"TSITAAT | Urmas Viilma kirjutas ERRis avaldatud arvamusartiklis j\u00e4rgnevat: \u201eV\u00e4rske uuringu tulemustest selgub, et 44 protsenti ei usu&hellip;\n","protected":false},"author":2,"featured_media":232246,"comment_status":"","ping_status":"","sticky":false,"template":"","format":"standard","meta":{"footnotes":"","_share_on_mastodon":"0"},"categories":[12],"tags":[26,27,37,33,35,34,36,31,32,21,29033,28,29,19,25,23,24,22,19208,33600,20,30],"class_list":["post-232245","post","type-post","status-publish","format-standard","has-post-thumbnail","category-eesti","tag-breaking-news","tag-breakingnews","tag-ee","tag-eesti","tag-eesti-keel","tag-estonia","tag-estonian","tag-featured-news","tag-featurednews","tag-headlines","tag-kirik","tag-latest-news","tag-latestnews","tag-news","tag-populaarseimad-lood","tag-top-stories","tag-topstories","tag-uldised-uudised","tag-urmas-viilma","tag-usk","tag-uudised","tag-viimased-uudised"],"share_on_mastodon":{"url":"https:\/\/pubeurope.com\/@ee\/116951400478238206","error":""},"_links":{"self":[{"href":"https:\/\/www.europesays.com\/ee\/wp-json\/wp\/v2\/posts\/232245","targetHints":{"allow":["GET"]}}],"collection":[{"href":"https:\/\/www.europesays.com\/ee\/wp-json\/wp\/v2\/posts"}],"about":[{"href":"https:\/\/www.europesays.com\/ee\/wp-json\/wp\/v2\/types\/post"}],"author":[{"embeddable":true,"href":"https:\/\/www.europesays.com\/ee\/wp-json\/wp\/v2\/users\/2"}],"replies":[{"embeddable":true,"href":"https:\/\/www.europesays.com\/ee\/wp-json\/wp\/v2\/comments?post=232245"}],"version-history":[{"count":0,"href":"https:\/\/www.europesays.com\/ee\/wp-json\/wp\/v2\/posts\/232245\/revisions"}],"wp:featuredmedia":[{"embeddable":true,"href":"https:\/\/www.europesays.com\/ee\/wp-json\/wp\/v2\/media\/232246"}],"wp:attachment":[{"href":"https:\/\/www.europesays.com\/ee\/wp-json\/wp\/v2\/media?parent=232245"}],"wp:term":[{"taxonomy":"category","embeddable":true,"href":"https:\/\/www.europesays.com\/ee\/wp-json\/wp\/v2\/categories?post=232245"},{"taxonomy":"post_tag","embeddable":true,"href":"https:\/\/www.europesays.com\/ee\/wp-json\/wp\/v2\/tags?post=232245"}],"curies":[{"name":"wp","href":"https:\/\/api.w.org\/{rel}","templated":true}]}}