{"id":232328,"date":"2026-07-20T10:27:10","date_gmt":"2026-07-20T10:27:10","guid":{"rendered":"https:\/\/www.europesays.com\/ee\/232328\/"},"modified":"2026-07-20T10:27:10","modified_gmt":"2026-07-20T10:27:10","slug":"arborist-oskar-hutt-puu-otsa-ronimine-nouab-professionaalset-meeskonnatood-raadio-2","status":"publish","type":"post","link":"https:\/\/www.europesays.com\/ee\/232328\/","title":{"rendered":"Arborist Oskar H\u00fctt: puu otsa ronimine n\u00f5uab professionaalset meeskonnat\u00f6\u00f6d | Raadio 2"},"content":{"rendered":"<p>Oskar H\u00fctt r\u00e4\u00e4kis saates &#8220;R2 Hommik!&#8221;, et enamik t\u00f6id teeb ta siiski maapinnal, aga kui puu otsa tuleb ronida, tehakse seda alati mitmekesi ja ka arboristi maapeane tugi peab olema professionaal. H\u00fcti s\u00f5nul on see \u00fcsna sage viga, et puud istutatakse linnaruumi liiga k\u00f5rgele, juured on maa seest v\u00e4ljas ja see on puule kahjulik.<\/p>\n<p>&#8220;Kevad-suvi on arboristi k\u00f5ige tihedam t\u00f6\u00f6aeg,&#8221; \u00fctles arborist Oskar H\u00fctt, kes on maakohast p\u00e4rit ja armastas lapsena kogu aeg puude otsa ronida. &#8220;Elasin Luua Metsanduskooli k\u00f5rval, koolihoone paistis magamistoa aknast ja sealt see m\u00f5te tuligi arboristiks \u00f5ppima minna.&#8221;<\/p>\n<p>H\u00fcti s\u00f5nul teeb arborist enamus t\u00f6id siiski maapinnal. &#8220;K\u00f5vemad tegijad v\u00f5ivad kuus teenida kuni 6000 eurot, mina enda tegemistega sinnamaaani veel k\u00fc\u00fcndinud ei ole,&#8221; muheles H\u00fctt.<\/p>\n<p>Vahel tekib ka puudega seotud h\u00e4daolukordi, kui peab kiiresti reageerima. &#8220;Kui p\u00e4rast tormi on m\u00f5ni suur puu maja v\u00f5i tee peale kukkunud, siis on vaja kohe minna,&#8221; s\u00f5nas arborist.<\/p>\n<p>H\u00fcti s\u00f5nul jalutas ta paar p\u00e4eva tagasi Paides, pilk kogu aeg taevasse suunatud ja j\u00e4lgis, mis puudega toimub. &#8220;Panin silma peale, mida v\u00f5iks maha raiuda, sest need on ohtlikud. Ka Tallinnas n\u00e4gin Gonsiori t\u00e4nava \u00e4\u00e4res v\u00e4rskelt istutatud puid, mis olid valesti istutatud. Puud olid liiga k\u00f5rgele istutatud, oleks pidanud rohkem maa sees olema. See on p\u00e4ris sage viga,&#8221; t\u00f5des H\u00fctt. &#8220;Juured on maa seest v\u00e4ljas ja see on puule kahjulik.&#8221;<\/p>\n<p>&#8220;Kui puu otsa ronimine on, siis on see alati tiimit\u00f6\u00f6 ehk tehakse mitmekesi ja mitte ainul arborist ei pea olema professionaal, vaid ka tema maapealne tugi,&#8221; t\u00f5i H\u00fctt v\u00e4lja.<\/p>\n","protected":false},"excerpt":{"rendered":"Oskar H\u00fctt r\u00e4\u00e4kis saates &#8220;R2 Hommik!&#8221;, et enamik t\u00f6id teeb ta siiski maapinnal, aga kui puu otsa tuleb&hellip;\n","protected":false},"author":2,"featured_media":232329,"comment_status":"","ping_status":"","sticky":false,"template":"","format":"standard","meta":{"footnotes":"","_share_on_mastodon":"0"},"categories":[12],"tags":[92976,26,27,37,33,35,34,36,31,32,21,28,29,19,92977,25,23,24,22,20,30],"class_list":["post-232328","post","type-post","status-publish","format-standard","has-post-thumbnail","category-eesti","tag-arborist","tag-breaking-news","tag-breakingnews","tag-ee","tag-eesti","tag-eesti-keel","tag-estonia","tag-estonian","tag-featured-news","tag-featurednews","tag-headlines","tag-latest-news","tag-latestnews","tag-news","tag-oskar-hutt","tag-populaarseimad-lood","tag-top-stories","tag-topstories","tag-uldised-uudised","tag-uudised","tag-viimased-uudised"],"share_on_mastodon":{"url":"https:\/\/pubeurope.com\/@ee\/116951832521967872","error":""},"_links":{"self":[{"href":"https:\/\/www.europesays.com\/ee\/wp-json\/wp\/v2\/posts\/232328","targetHints":{"allow":["GET"]}}],"collection":[{"href":"https:\/\/www.europesays.com\/ee\/wp-json\/wp\/v2\/posts"}],"about":[{"href":"https:\/\/www.europesays.com\/ee\/wp-json\/wp\/v2\/types\/post"}],"author":[{"embeddable":true,"href":"https:\/\/www.europesays.com\/ee\/wp-json\/wp\/v2\/users\/2"}],"replies":[{"embeddable":true,"href":"https:\/\/www.europesays.com\/ee\/wp-json\/wp\/v2\/comments?post=232328"}],"version-history":[{"count":0,"href":"https:\/\/www.europesays.com\/ee\/wp-json\/wp\/v2\/posts\/232328\/revisions"}],"wp:featuredmedia":[{"embeddable":true,"href":"https:\/\/www.europesays.com\/ee\/wp-json\/wp\/v2\/media\/232329"}],"wp:attachment":[{"href":"https:\/\/www.europesays.com\/ee\/wp-json\/wp\/v2\/media?parent=232328"}],"wp:term":[{"taxonomy":"category","embeddable":true,"href":"https:\/\/www.europesays.com\/ee\/wp-json\/wp\/v2\/categories?post=232328"},{"taxonomy":"post_tag","embeddable":true,"href":"https:\/\/www.europesays.com\/ee\/wp-json\/wp\/v2\/tags?post=232328"}],"curies":[{"name":"wp","href":"https:\/\/api.w.org\/{rel}","templated":true}]}}