{"id":232337,"date":"2026-07-20T10:37:10","date_gmt":"2026-07-20T10:37:10","guid":{"rendered":"https:\/\/www.europesays.com\/ee\/232337\/"},"modified":"2026-07-20T10:37:10","modified_gmt":"2026-07-20T10:37:10","slug":"trump-leiab-et-kanada-peaks-metsatulekahjude-suitsu-parast-usa-le-kahjutasu-maksma","status":"publish","type":"post","link":"https:\/\/www.europesays.com\/ee\/232337\/","title":{"rendered":"Trump leiab, et Kanada peaks metsatulekahjude suitsu p\u00e4rast USA-le kahjutasu maksma"},"content":{"rendered":"<p>P\u00e4ev p\u00e4rast Kanada metsatulekahjude suitsu p\u00e4rast uute tollitariifidega \u00e4hvardamist teatas Trump, et r\u00e4\u00e4kis Carneyga jalgpalli maailmameistriv\u00f5istluste finaali ajal, mida m\u00f5lemad eile kohapeal j\u00e4lgisid, vahendab Reuters.<\/p>\n<p>\u201eMul on Mark Carneyga head suhted, aga me peame need tulekahjud seal \u00fcleval peatama,\u201c lausus Trump m\u00e4ngult <a rel=\"noopener nofollow\" target=\"_blank\" href=\"https:\/\/www.delfi.ee\/teema\/56497812\/new-jersey\" tag-id=\"56497812\">New Jerseyst<\/a> <a rel=\"noopener nofollow\" target=\"_blank\" href=\"https:\/\/www.delfi.ee\/teema\/82789297\/washington\" tag-id=\"82789297\">Washingtoni<\/a> naastes ajakirjanikele. \u201eV\u00f5ib-olla peaksid nad meile kahjutasu maksma v\u00f5i midagi v\u00f5i me peaksime tegema tariife.\u201c<\/p>\n<p>Sadade Ontario p\u00f5lengute paks suits mattis alates neljap\u00e4evast endasse osa USA-st Kesk-L\u00e4\u00e4nest kirdeni ja Atlandi ranniku keskosani, mist\u00f5ttu on elanikel soovitatud siseruumides viibida.<\/p>\n<p>Laup\u00e4eval muutus suits \u00fchel hetkel New Yorgi maailma halvima \u00f5hukvaliteediga linnaks <a rel=\"noopener nofollow\" target=\"_blank\" href=\"https:\/\/www.delfi.ee\/teema\/26528755\/toronto\" tag-id=\"26528755\">Toronto<\/a> ja Washingtoni ees.<\/p>\n<p>Carney kantselei Reutersi palvele Trumpi avaldust kommenteerida kohe ei vastanud.<\/p>\n<p>Laup\u00e4eval teatas Carney sotsiaalmeedias, et Kanada on mobiliseerinud \u00fcle 5300 tulet\u00f5rjuja.<\/p>\n<p>Ontario peaminister Doug Ford \u00fctles, et USA kriitika on absoluutselt vastuv\u00f5etamatu.<\/p>\n<p>\u201eMe p\u00fc\u00fcame selle \u00fcle elada,\u201c \u00fctles Ford, lisades, et kui olukord oleks vastupidine ja metsatulekahjud oleksid USA-s, oleksid kanadalased seal, et naabreid toetada.<\/p>\n<p>Kanadas on sel maastikup\u00f5lengute hooajal p\u00f5lenud umbes 2,4 miljonit hektarit maad.<\/p>\n<p>Kuidas see lugu Sind end tundma pani? Saada <a href=\"https:\/\/www.delfi.ee\/artikkel\/120598370\/trump-leiab-et-kanada-peaks-metsatulekahjude-suitsu-parast-usa-le-kahjutasu-maksma\/kommentaarid\" class=\"article-body-bottom__comment article-body-bottom__comment--write button button--primary button--size-auto\" rel=\"nofollow noopener\" target=\"_blank\"> Kommenteeri <\/a><a href=\"https:\/\/www.delfi.ee\/artikkel\/120598370\/trump-leiab-et-kanada-peaks-metsatulekahjude-suitsu-parast-usa-le-kahjutasu-maksma\/kommentaarid\" class=\"article-body-bottom__comment article-body-bottom__comment--read button button--size-auto\" rel=\"nofollow noopener\" target=\"_blank\"> Loe kommentaare (9)<\/a><\/p>\n","protected":false},"excerpt":{"rendered":"P\u00e4ev p\u00e4rast Kanada metsatulekahjude suitsu p\u00e4rast uute tollitariifidega \u00e4hvardamist teatas Trump, et r\u00e4\u00e4kis Carneyga jalgpalli maailmameistriv\u00f5istluste finaali ajal,&hellip;\n","protected":false},"author":2,"featured_media":232338,"comment_status":"","ping_status":"","sticky":false,"template":"","format":"standard","meta":{"footnotes":"","_share_on_mastodon":"0"},"categories":[80],"tags":[26,27,324,37,33,35,34,36,31,32,21,1554,28,29,95,1555,18115,1173,19,14922,25,23,24,15003,22,325,20,30,2405,92,93,94],"class_list":["post-232337","post","type-post","status-publish","format-standard","has-post-thumbnail","category-maailm","tag-breaking-news","tag-breakingnews","tag-donald-trump","tag-ee","tag-eesti","tag-eesti-keel","tag-estonia","tag-estonian","tag-featured-news","tag-featurednews","tag-headlines","tag-kanada","tag-latest-news","tag-latestnews","tag-maailm","tag-mark-carney","tag-new-jersey","tag-new-york","tag-news","tag-ontario","tag-populaarseimad-lood","tag-top-stories","tag-topstories","tag-toronto","tag-uldised-uudised","tag-usa","tag-uudised","tag-viimased-uudised","tag-washington","tag-world","tag-world-news","tag-worldnews"],"share_on_mastodon":{"url":"https:\/\/pubeurope.com\/@ee\/116951871847368945","error":""},"_links":{"self":[{"href":"https:\/\/www.europesays.com\/ee\/wp-json\/wp\/v2\/posts\/232337","targetHints":{"allow":["GET"]}}],"collection":[{"href":"https:\/\/www.europesays.com\/ee\/wp-json\/wp\/v2\/posts"}],"about":[{"href":"https:\/\/www.europesays.com\/ee\/wp-json\/wp\/v2\/types\/post"}],"author":[{"embeddable":true,"href":"https:\/\/www.europesays.com\/ee\/wp-json\/wp\/v2\/users\/2"}],"replies":[{"embeddable":true,"href":"https:\/\/www.europesays.com\/ee\/wp-json\/wp\/v2\/comments?post=232337"}],"version-history":[{"count":0,"href":"https:\/\/www.europesays.com\/ee\/wp-json\/wp\/v2\/posts\/232337\/revisions"}],"wp:featuredmedia":[{"embeddable":true,"href":"https:\/\/www.europesays.com\/ee\/wp-json\/wp\/v2\/media\/232338"}],"wp:attachment":[{"href":"https:\/\/www.europesays.com\/ee\/wp-json\/wp\/v2\/media?parent=232337"}],"wp:term":[{"taxonomy":"category","embeddable":true,"href":"https:\/\/www.europesays.com\/ee\/wp-json\/wp\/v2\/categories?post=232337"},{"taxonomy":"post_tag","embeddable":true,"href":"https:\/\/www.europesays.com\/ee\/wp-json\/wp\/v2\/tags?post=232337"}],"curies":[{"name":"wp","href":"https:\/\/api.w.org\/{rel}","templated":true}]}}