{"id":232345,"date":"2026-07-20T10:46:11","date_gmt":"2026-07-20T10:46:11","guid":{"rendered":"https:\/\/www.europesays.com\/ee\/232345\/"},"modified":"2026-07-20T10:46:11","modified_gmt":"2026-07-20T10:46:11","slug":"avapoolajal-viis-varavat-loonud-harju-laagri-havitas-paide-linnameeskonna","status":"publish","type":"post","link":"https:\/\/www.europesays.com\/ee\/232345\/","title":{"rendered":"Avapoolajal viis v\u00e4ravat l\u00f6\u00f6nud Harju Laagri h\u00e4vitas Paide Linnameeskonna"},"content":{"rendered":"<p>N\u00e4dala sees Konverentsiliiga teise eelringi p\u00e4\u00e4senud Paide kasutas Harju vastu sisuliselt t\u00e4iesti uut algkoosseisu, et anda meestele puhkust enne m\u00e4ngu Aserbaid\u017eaani klubi Ziraga, mis toimub neljap\u00e4eval P\u00e4rnus.<\/p>\n<p>Vangerdused maksid k\u00e4tte, sest Harju juhtis juba 22. minutiks 3:0 ning avapoolaja l\u00f5puks 5:1. Harju leerist skoorisid Kaspar Laur, Kristjan Kriis, Karel Eerme (penaltist), Ramol Sillamaa ja Abdul Wahid Binate. Paide m\u00f5lemad v\u00e4ravad l\u00f5i Henri Anier.<\/p>\n<p>Kui Laagris tuli v\u00e4ravaid nagu V\u00e4ndrast saelaudu, siis Kuressaare m\u00e4ngis kodus 0:0 viiki N\u00f5mme Kaljuga.<\/p>\n<p>Kalju j\u00e4tkab Premium liigas kolmandana, j\u00e4\u00e4des liider Tallinna Levadiast 11 ja teist kohta hoidvast Tallinna Florast punkti kaugusele. Neljas on Paide, kes kaotab Kaljule kolme silmaga. Harju on 25 punktiga kaheksas ning Kuressaare 18 silmaga \u00fcheksas.<\/p>\n<p>Ka Kalju eurosuvi j\u00e4tkub neljap\u00e4eval, mil Konverentsiliiga teise eelringi raames kohtutakse v\u00f5\u00f5rsil Iirimaa klubi Shelbourne&#8217;iga.<\/p>\n<p><img decoding=\"async\" class=\"figure__image\" onclick=\"triggerEvent('articleImageClick', { id: 17794249, focus: 'single-image', focusIndex: '17794249' })\" onkeydown=\"if (event.key === 'Enter') {&#10;        triggerEvent('articleImageClick', { id: 17794249, focus: 'single-image', focusIndex: '17794249' })&#10;        }\" role=\"button\" tabindex=\"0\" data-focus-from=\"single-image\" data-focus-index=\"17794249\" src=\"https:\/\/www.europesays.com\/ee\/wp-content\/uploads\/2026\/07\/17794249t1h2e68.png\"  onload=\"this.parentElement.classList.remove('figure__image-loading')\" alt=\"Premium liiga tabel.\"\/>Premium liiga tabel. Foto: jalgpall.ee<\/p>\n","protected":false},"excerpt":{"rendered":"N\u00e4dala sees Konverentsiliiga teise eelringi p\u00e4\u00e4senud Paide kasutas Harju vastu sisuliselt t\u00e4iesti uut algkoosseisu, et anda meestele puhkust&hellip;\n","protected":false},"author":2,"featured_media":232346,"comment_status":"","ping_status":"","sticky":false,"template":"","format":"standard","meta":{"footnotes":"","_share_on_mastodon":"0"},"categories":[18],"tags":[15558,37,33,35,34,36,7687,3767,64222,64613,10349,92151,13376,159,158],"class_list":["post-232345","post","type-post","status-publish","format-standard","has-post-thumbnail","category-sport","tag-argentina-jalgpallikoondis","tag-ee","tag-eesti","tag-eesti-keel","tag-estonia","tag-estonian","tag-hispaania-jalgpallikoondis","tag-lionel-messi","tag-lionel-scaloni","tag-luis-de-la-fuente","tag-mm-2026","tag-mm-finaal","tag-mm-finaalturniir","tag-sport","tag-sports"],"share_on_mastodon":{"url":"https:\/\/pubeurope.com\/@ee\/116951907258152645","error":""},"_links":{"self":[{"href":"https:\/\/www.europesays.com\/ee\/wp-json\/wp\/v2\/posts\/232345","targetHints":{"allow":["GET"]}}],"collection":[{"href":"https:\/\/www.europesays.com\/ee\/wp-json\/wp\/v2\/posts"}],"about":[{"href":"https:\/\/www.europesays.com\/ee\/wp-json\/wp\/v2\/types\/post"}],"author":[{"embeddable":true,"href":"https:\/\/www.europesays.com\/ee\/wp-json\/wp\/v2\/users\/2"}],"replies":[{"embeddable":true,"href":"https:\/\/www.europesays.com\/ee\/wp-json\/wp\/v2\/comments?post=232345"}],"version-history":[{"count":0,"href":"https:\/\/www.europesays.com\/ee\/wp-json\/wp\/v2\/posts\/232345\/revisions"}],"wp:featuredmedia":[{"embeddable":true,"href":"https:\/\/www.europesays.com\/ee\/wp-json\/wp\/v2\/media\/232346"}],"wp:attachment":[{"href":"https:\/\/www.europesays.com\/ee\/wp-json\/wp\/v2\/media?parent=232345"}],"wp:term":[{"taxonomy":"category","embeddable":true,"href":"https:\/\/www.europesays.com\/ee\/wp-json\/wp\/v2\/categories?post=232345"},{"taxonomy":"post_tag","embeddable":true,"href":"https:\/\/www.europesays.com\/ee\/wp-json\/wp\/v2\/tags?post=232345"}],"curies":[{"name":"wp","href":"https:\/\/api.w.org\/{rel}","templated":true}]}}