{"id":232431,"date":"2026-07-20T12:27:12","date_gmt":"2026-07-20T12:27:12","guid":{"rendered":"https:\/\/www.europesays.com\/ee\/232431\/"},"modified":"2026-07-20T12:27:12","modified_gmt":"2026-07-20T12:27:12","slug":"soomlastele-teeb-muret-piirist-200-kilomeetri-kaugusel-asuv-vene-keemiatehas-valismaa","status":"publish","type":"post","link":"https:\/\/www.europesays.com\/ee\/232431\/","title":{"rendered":"Soomlastele teeb muret piirist 200 kilomeetri kaugusel asuv Vene keemiatehas | V\u00e4lismaa"},"content":{"rendered":"<p>Soomlastele valmistab muret riigipiirist ligi 200 kilomeetri kaugusel asuv Venemaa keemiatehas, kus rafineeritakse alates juulist pea pool maailma pallaadiumist, kirjutab Yle.<\/p>\n<p>Juulis viib Venemaa kaevandusettev\u00f5te Norilski Nikel kogu oma pallaadiumi rafineerimise \u00fcle Koola poolsaarel asuvasse Mont\u0161egorskisse. Seni rafineeris ettev\u00f5te pallaadiumi Siberis asuvas Norilski linnas.<\/p>\n<p>Ettev\u00f5tte pressiteate kohaselt rafineeritakse 40 protsenti maailma pallaadiumist edaspidi just nende Mont\u0161egorski tehases.<\/p>\n<p>Kaevandusettev\u00f5te p\u00f5hjendab kolimist sooviga t\u00f5sta tootmise efektiivsust ja parandada v\u00e4\u00e4rismetallide eraldamist.<\/p>\n<p>Ettev\u00f5te m\u00e4rgib oma pressiteates, et uued gaasipuhastuslahendused viivad keskkonnam\u00f5ju miinimumini.\u00a0<\/p>\n<p>Soome looduskaitse liidu esinaine Hanna Halmeenp\u00e4\u00e4 tunneb aga muret tootmise laiendamisega kaasneva keskkonnam\u00f5ju p\u00e4rast.<\/p>\n<p>&#8220;T\u00f6\u00f6stuse tootmismahtude massiline kasv suurendab kahtlemata heitkoguseid, mis m\u00f5jutavad nii kohalikku kui ka piirkondlikku \u00f5hku ja veestikku. M\u00f5ju v\u00f5ib avalduda ka Soomes,&#8221; s\u00f5nas Halmeenp\u00e4\u00e4.<\/p>\n<p>2000. aastate alguses osales Halmeenp\u00e4\u00e4 Koola poolsaarel uurimisprojektis, mis hindas Mont\u0161egorski kaevanduskompleksi m\u00f5ju l\u00e4hedal asuvale Koola j\u00f5ele. Tollane vaatepilt oli temas s\u00f5nul tr\u00f6\u00f6stitu.<\/p>\n<p>&#8220;Varasema \u00f5husaaste m\u00f5ju on olnud n\u00e4ha meie Kirde-Lapimaal, n\u00e4iteks okaspuude okastel. Tollaste happevihmade allikaks olid selgelt Mont\u0161egorsk ja Nikel,&#8221; lausus Halmeenp\u00e4\u00e4.<\/p>\n<p>Samas m\u00e4rkis Halmeenp\u00e4\u00e4, et Soomes j\u00e4lgitakse \u00f5hukvaliteeti \u00fcsna hoolikalt ning kui mingi m\u00f5ju tekib, siis see ka tuvastatakse.<\/p>\n<p>V\u00f5imalikele keskkonnam\u00f5judele juhtis t\u00e4helepanu ka Soome kaevandust\u00f6\u00f6stuse liidu tegevdirektor Pekka Suomela. Ta meenutas m\u00f5jusid, mida Koola kaevandused p\u00f5hjustasid juba N\u00f5ukogude ajal.<\/p>\n<p>Samas nentis Suomela, et Soome ja Euroopa s\u00f5ltuvad imporditud pallaadiumist.<\/p>\n<p>Pallaadiumi kasutatakse muu hulgas autode katal\u00fcsaatorites ning keemia- ja elektroonikat\u00f6\u00f6stuses.<\/p>\n<p>Venemaa on L\u00f5una-Aafrika Vabariigi j\u00e4rel maailmas teine pallaadiumitootja.<\/p>\n<p>Lapimaal leidub haruldasi muldmetalle, millest Euroopa Liit s\u00f5ltub. Suurem osa pallaadiumist imporditakse aga v\u00e4ljastpoolt Euroopa Liitu.<\/p>\n","protected":false},"excerpt":{"rendered":"Soomlastele valmistab muret riigipiirist ligi 200 kilomeetri kaugusel asuv Venemaa keemiatehas, kus rafineeritakse alates juulist pea pool maailma&hellip;\n","protected":false},"author":2,"featured_media":232432,"comment_status":"","ping_status":"","sticky":false,"template":"","format":"standard","meta":{"footnotes":"","_share_on_mastodon":"0"},"categories":[80],"tags":[26,27,37,33,35,34,36,31,32,21,304,28,29,95,19,93008,11503,25,113,10771,23,24,22,20,96,30,92,93,94],"class_list":["post-232431","post","type-post","status-publish","format-standard","has-post-thumbnail","category-maailm","tag-breaking-news","tag-breakingnews","tag-ee","tag-eesti","tag-eesti-keel","tag-estonia","tag-estonian","tag-featured-news","tag-featurednews","tag-headlines","tag-keskkond","tag-latest-news","tag-latestnews","tag-maailm","tag-news","tag-norilski-nikel","tag-pallaadium","tag-populaarseimad-lood","tag-soome","tag-tehas","tag-top-stories","tag-topstories","tag-uldised-uudised","tag-uudised","tag-venemaa","tag-viimased-uudised","tag-world","tag-world-news","tag-worldnews"],"share_on_mastodon":{"url":"https:\/\/pubeurope.com\/@ee\/116952304636581330","error":""},"_links":{"self":[{"href":"https:\/\/www.europesays.com\/ee\/wp-json\/wp\/v2\/posts\/232431","targetHints":{"allow":["GET"]}}],"collection":[{"href":"https:\/\/www.europesays.com\/ee\/wp-json\/wp\/v2\/posts"}],"about":[{"href":"https:\/\/www.europesays.com\/ee\/wp-json\/wp\/v2\/types\/post"}],"author":[{"embeddable":true,"href":"https:\/\/www.europesays.com\/ee\/wp-json\/wp\/v2\/users\/2"}],"replies":[{"embeddable":true,"href":"https:\/\/www.europesays.com\/ee\/wp-json\/wp\/v2\/comments?post=232431"}],"version-history":[{"count":0,"href":"https:\/\/www.europesays.com\/ee\/wp-json\/wp\/v2\/posts\/232431\/revisions"}],"wp:featuredmedia":[{"embeddable":true,"href":"https:\/\/www.europesays.com\/ee\/wp-json\/wp\/v2\/media\/232432"}],"wp:attachment":[{"href":"https:\/\/www.europesays.com\/ee\/wp-json\/wp\/v2\/media?parent=232431"}],"wp:term":[{"taxonomy":"category","embeddable":true,"href":"https:\/\/www.europesays.com\/ee\/wp-json\/wp\/v2\/categories?post=232431"},{"taxonomy":"post_tag","embeddable":true,"href":"https:\/\/www.europesays.com\/ee\/wp-json\/wp\/v2\/tags?post=232431"}],"curies":[{"name":"wp","href":"https:\/\/api.w.org\/{rel}","templated":true}]}}