{"id":232467,"date":"2026-07-20T13:00:12","date_gmt":"2026-07-20T13:00:12","guid":{"rendered":"https:\/\/www.europesays.com\/ee\/232467\/"},"modified":"2026-07-20T13:00:12","modified_gmt":"2026-07-20T13:00:12","slug":"la-perla-katusega-terrass-on-kooskolastatud-purskkaevu-ning-selle-pikenduse-juurde-taolisi-lahendusi-ei-lubata","status":"publish","type":"post","link":"https:\/\/www.europesays.com\/ee\/232467\/","title":{"rendered":"La Perla katusega terrass on koosk\u00f5lastatud, purskkaevu ning selle pikenduse juurde taolisi lahendusi ei lubata"},"content":{"rendered":"<p class=\"MsoNormal\">&#8220;Linnaruumi kujundus ei pea olema t\u00e4ielikult \u00fchetaoline ega j\u00e4\u00e4ma alati samasuguseks nagu varasematel aastatel,&#8221; \u00fctles Saaremaa vallavalitsuse planeeringuteenistuse juhataja K\u00e4tlin Kallas. Terrassid paiknevad samades kohtades kui varasematel aastatel ning suveperioodil tuleb liikluskorralduses sellega arvestada. Ajaloolise hoone fassaadi katmine ei ole samuti valla jaoks morjendav asjaolu. &#8220;Ka varjudega lahendus katab osaliselt hoonete fassaade,&#8221; s\u00f5nas Kallas.<\/p>\n","protected":false},"excerpt":{"rendered":"&#8220;Linnaruumi kujundus ei pea olema t\u00e4ielikult \u00fchetaoline ega j\u00e4\u00e4ma alati samasuguseks nagu varasematel aastatel,&#8221; \u00fctles Saaremaa vallavalitsuse planeeringuteenistuse&hellip;\n","protected":false},"author":2,"featured_media":232468,"comment_status":"","ping_status":"","sticky":false,"template":"","format":"standard","meta":{"footnotes":"","_share_on_mastodon":"0"},"categories":[80],"tags":[26,27,37,33,35,89811,34,36,31,32,60554,21,38047,85978,93025,93022,28,29,2019,53659,95,19,41920,25,93023,93024,10989,23,24,22,20,30,92,93,94],"class_list":["post-232467","post","type-post","status-publish","format-standard","has-post-thumbnail","category-maailm","tag-breaking-news","tag-breakingnews","tag-ee","tag-eesti","tag-eesti-keel","tag-ehitismalestis","tag-estonia","tag-estonian","tag-featured-news","tag-featurednews","tag-gert-nepper","tag-headlines","tag-katlin-kallas","tag-kuressaare-kesklinn","tag-kuressaare-muinsuskaitseala","tag-la-perla-katusega-terrass","tag-latest-news","tag-latestnews","tag-linnaruum","tag-lossi-tanav","tag-maailm","tag-news","tag-piret-miller","tag-populaarseimad-lood","tag-purskkaevu-pikenduse-ala","tag-restoran-waag","tag-saaremaa-vallavalitsus","tag-top-stories","tag-topstories","tag-uldised-uudised","tag-uudised","tag-viimased-uudised","tag-world","tag-world-news","tag-worldnews"],"share_on_mastodon":{"url":"","error":"Validation failed: Text character limit of 500 exceeded"},"_links":{"self":[{"href":"https:\/\/www.europesays.com\/ee\/wp-json\/wp\/v2\/posts\/232467","targetHints":{"allow":["GET"]}}],"collection":[{"href":"https:\/\/www.europesays.com\/ee\/wp-json\/wp\/v2\/posts"}],"about":[{"href":"https:\/\/www.europesays.com\/ee\/wp-json\/wp\/v2\/types\/post"}],"author":[{"embeddable":true,"href":"https:\/\/www.europesays.com\/ee\/wp-json\/wp\/v2\/users\/2"}],"replies":[{"embeddable":true,"href":"https:\/\/www.europesays.com\/ee\/wp-json\/wp\/v2\/comments?post=232467"}],"version-history":[{"count":0,"href":"https:\/\/www.europesays.com\/ee\/wp-json\/wp\/v2\/posts\/232467\/revisions"}],"wp:featuredmedia":[{"embeddable":true,"href":"https:\/\/www.europesays.com\/ee\/wp-json\/wp\/v2\/media\/232468"}],"wp:attachment":[{"href":"https:\/\/www.europesays.com\/ee\/wp-json\/wp\/v2\/media?parent=232467"}],"wp:term":[{"taxonomy":"category","embeddable":true,"href":"https:\/\/www.europesays.com\/ee\/wp-json\/wp\/v2\/categories?post=232467"},{"taxonomy":"post_tag","embeddable":true,"href":"https:\/\/www.europesays.com\/ee\/wp-json\/wp\/v2\/tags?post=232467"}],"curies":[{"name":"wp","href":"https:\/\/api.w.org\/{rel}","templated":true}]}}