{"id":232502,"date":"2026-07-20T13:43:11","date_gmt":"2026-07-20T13:43:11","guid":{"rendered":"https:\/\/www.europesays.com\/ee\/232502\/"},"modified":"2026-07-20T13:43:11","modified_gmt":"2026-07-20T13:43:11","slug":"skoda-elektriauto-poles-autopoe-parklas-laadimise-kaigus-maha","status":"publish","type":"post","link":"https:\/\/www.europesays.com\/ee\/232502\/","title":{"rendered":"\u0160koda elektriauto p\u00f5les autopoe parklas laadimise k\u00e4igus maha"},"content":{"rendered":"<p>Tulekahju puhkes \u00f6\u00f6l vastu 9. juulit ja selle k\u00e4igus toimusid plahvatused. <\/p>\n<p>P\u00e4\u00e4steameti andmetel oli omanik viinud auto remondit\u00f6\u00f6kotta, sest mootoris oli rike. <\/p>\n<p><img decoding=\"async\" src=\"https:\/\/www.europesays.com\/ee\/wp-content\/uploads\/2026\/07\/a7b4d279-9951-4d07-9320-adb48641a05c.jpg\" loading=\"lazy\" alt=\"TULI V\u00d5TTIS K\u00d4IK: \u0160koda Enyaq. \"\/><\/p>\n<p>Kuna tuli h\u00e4vitas s\u00f5iduki t\u00e4ielikult, ei oska p\u00e4\u00e4steamet \u00f6elda \u00f5nnetuse p\u00f5hjust.<\/p>\n<p>Tartus Audisid ja \u0160kodasid m\u00fc\u00fcv AS <a rel=\"noopener nofollow\" target=\"_blank\" href=\"https:\/\/www.delfi.ee\/teema\/26684005\/aasta-auto\" tag-id=\"26684005\">Aasta Auto<\/a> ei soovi praegu p\u00f5lengust r\u00e4\u00e4kida. <\/p>\n<p>Firma m\u00fc\u00fcgijuht Kaarel Tamm \u00fctles Ekspressile: \u201eKahjuks ei saa me enne asjaolude v\u00e4ljaselgitamist kommentaare jagada.\u201c <\/p>\n<p>\u0160koda Enyaq tuli 2022 Eesti aasta auto valimisel teisele kohale. <\/p>\n<p>Kuidas see lugu Sind end tundma pani? Saada <a href=\"https:\/\/ekspress.delfi.ee\/artikkel\/120598361\/skoda-elektriauto-poles-autopoe-parklas-laadimise-kaigus-maha\/kommentaarid\" class=\"article-body-bottom__comment article-body-bottom__comment--write button button--primary button--size-auto\" rel=\"nofollow noopener\" target=\"_blank\"> Kommenteeri <\/a><a href=\"https:\/\/ekspress.delfi.ee\/artikkel\/120598361\/skoda-elektriauto-poles-autopoe-parklas-laadimise-kaigus-maha\/kommentaarid\" class=\"article-body-bottom__comment article-body-bottom__comment--read button button--size-auto\" rel=\"nofollow noopener\" target=\"_blank\"> Loe kommentaare (26)<\/a><\/p>\n","protected":false},"excerpt":{"rendered":"Tulekahju puhkes \u00f6\u00f6l vastu 9. juulit ja selle k\u00e4igus toimusid plahvatused. P\u00e4\u00e4steameti andmetel oli omanik viinud auto remondit\u00f6\u00f6kotta,&hellip;\n","protected":false},"author":2,"featured_media":232503,"comment_status":"","ping_status":"","sticky":false,"template":"","format":"standard","meta":{"footnotes":"","_share_on_mastodon":"0"},"categories":[14],"tags":[41850,131,18982,130,37,33,35,34,36,93030],"class_list":["post-232502","post","type-post","status-publish","format-standard","has-post-thumbnail","category-ari","tag-aasta-auto","tag-ari","tag-audi","tag-business","tag-ee","tag-eesti","tag-eesti-keel","tag-estonia","tag-estonian","tag-skoda-enyaq"],"share_on_mastodon":{"url":"https:\/\/pubeurope.com\/@ee\/116952603797839773","error":""},"_links":{"self":[{"href":"https:\/\/www.europesays.com\/ee\/wp-json\/wp\/v2\/posts\/232502","targetHints":{"allow":["GET"]}}],"collection":[{"href":"https:\/\/www.europesays.com\/ee\/wp-json\/wp\/v2\/posts"}],"about":[{"href":"https:\/\/www.europesays.com\/ee\/wp-json\/wp\/v2\/types\/post"}],"author":[{"embeddable":true,"href":"https:\/\/www.europesays.com\/ee\/wp-json\/wp\/v2\/users\/2"}],"replies":[{"embeddable":true,"href":"https:\/\/www.europesays.com\/ee\/wp-json\/wp\/v2\/comments?post=232502"}],"version-history":[{"count":0,"href":"https:\/\/www.europesays.com\/ee\/wp-json\/wp\/v2\/posts\/232502\/revisions"}],"wp:featuredmedia":[{"embeddable":true,"href":"https:\/\/www.europesays.com\/ee\/wp-json\/wp\/v2\/media\/232503"}],"wp:attachment":[{"href":"https:\/\/www.europesays.com\/ee\/wp-json\/wp\/v2\/media?parent=232502"}],"wp:term":[{"taxonomy":"category","embeddable":true,"href":"https:\/\/www.europesays.com\/ee\/wp-json\/wp\/v2\/categories?post=232502"},{"taxonomy":"post_tag","embeddable":true,"href":"https:\/\/www.europesays.com\/ee\/wp-json\/wp\/v2\/tags?post=232502"}],"curies":[{"name":"wp","href":"https:\/\/api.w.org\/{rel}","templated":true}]}}