{"id":232518,"date":"2026-07-20T14:03:15","date_gmt":"2026-07-20T14:03:15","guid":{"rendered":"https:\/\/www.europesays.com\/ee\/232518\/"},"modified":"2026-07-20T14:03:15","modified_gmt":"2026-07-20T14:03:15","slug":"marek-sadam-meil-mikuga-on-alati-millestki-raakida-ja-millestki-vaikida-vikerraadio","status":"publish","type":"post","link":"https:\/\/www.europesays.com\/ee\/232518\/","title":{"rendered":"Marek Sadam: meil Mikuga on alati millestki r\u00e4\u00e4kida ja millestki vaikida | Vikerraadio"},"content":{"rendered":"<p>Muusik Marek Sadam r\u00e4\u00e4kis Vikerraadios, et kui Mikk Saare eelkooliealine poeg istutab metsa, siis tema kolmeaastane poeg tuleb pigem harvesteriga. Sadama s\u00f5nul on nad Mikk Saarega v\u00e4ga erinevad, aga neil on alati millestki r\u00e4\u00e4kida ja millestki vaikida.<\/p>\n<p>&#8220;Autod on meil p\u00f5hiteema. Ma olengi nalja teinud, et kui Miku poeg on rohkem selline, kes istutab metsa, siis minu poeg on see, kes tuleb harvesteriga,&#8221; muheles kolmeaastase poja Hugo Johannese isa Marek Sadam.<\/p>\n<p>Mikk Saare s\u00f5nul m\u00f6\u00f6duvad tema \u00f5htud p\u00f5hiliselt N\u00f5mme kandis, kus ta elab. &#8220;Minu kvaliteetaeg on N\u00f5mme-p\u00f5hine ja m\u00f6\u00f6dub v\u00e4litegevusi tehes, kas \u00fcksi v\u00f5i siis oma koolieelikust kutiga. Muidu olen suutnud oma selle suve ikka t\u00f6iseks teha, rabame k\u00f5vasti laulda. Kui paari aasta p\u00e4rast enam laulmisega tegeleda ei jaksa, saame hakata Hiiumaal redutama ja kala p\u00fc\u00fcdma,&#8221; nentis Saar.<\/p>\n<p>Sadama s\u00f5nul on Mikk pannud teda v\u00e4ga t\u00f5siselt heategevuse peale m\u00f5tlema.<\/p>\n<p>&#8220;Kaks meest ja kitarr, aga inimesed tahavad tulla meid vaatama. Oleme selle \u00fcle juurelnud, et miks nad tahavad tulla, aga ju see on ikka Miku telekuulsus,&#8221; t\u00f5des Sadam. &#8220;Asi on ka selles, kas sa klapid inimesega v\u00f5i mitte. Ma ei saa \u00f6elda, et me oleksime Mikuga meeletult sarnased inimesed, seda kindlasti mitte, aga koos laval olemine meile m\u00f5lemale sobib. Meil on alati millestki r\u00e4\u00e4kida ja alati millestki vaikida. Meil on m\u00f5lemal pojad, mul veel ka t\u00fctar, saame r\u00e4\u00e4kida lastest, elust endast ja taimedest,&#8221; s\u00f5nas Sadam.<\/p>\n<p>Saare s\u00f5nul on ta alati imestanud, kuidas temast \u00fcldse muusik on saanud. &#8220;Vahel m\u00f5tlen, et \u00e4kki ma olen hea n\u00e4itleja, kes lihtsalt n\u00e4itleb oma pillimehe oskusi ja laulmist. Ma ei ole oma olemuselt absoluutselt kunstnik, Marekiga koos olles tuleb see veel eriti h\u00e4sti v\u00e4lja,&#8221; nentis Saar.<\/p>\n<p>&#8220;Esimene lugu tuli meil Marekiga spontaanselt,&#8221; lisas Saar. &#8220;Me toodame muusikat, mis on meie endi seest tulnud. Kontsert on meie k\u00f5ige tugevam k\u00fclg. Me m\u00f5jume teineteisele h\u00e4sti.&#8221;<\/p>\n","protected":false},"excerpt":{"rendered":"Muusik Marek Sadam r\u00e4\u00e4kis Vikerraadios, et kui Mikk Saare eelkooliealine poeg istutab metsa, siis tema kolmeaastane poeg tuleb&hellip;\n","protected":false},"author":2,"featured_media":232519,"comment_status":"","ping_status":"","sticky":false,"template":"","format":"standard","meta":{"footnotes":"","_share_on_mastodon":"0"},"categories":[16],"tags":[37,33,35,173,34,36,26032,140,4755],"class_list":["post-232518","post","type-post","status-publish","format-standard","has-post-thumbnail","category-meelelahutus","tag-ee","tag-eesti","tag-eesti-keel","tag-entertainment","tag-estonia","tag-estonian","tag-marek-sadam","tag-meelelahutus","tag-mikk-saar"],"share_on_mastodon":{"url":"https:\/\/pubeurope.com\/@ee\/116952681812343504","error":""},"_links":{"self":[{"href":"https:\/\/www.europesays.com\/ee\/wp-json\/wp\/v2\/posts\/232518","targetHints":{"allow":["GET"]}}],"collection":[{"href":"https:\/\/www.europesays.com\/ee\/wp-json\/wp\/v2\/posts"}],"about":[{"href":"https:\/\/www.europesays.com\/ee\/wp-json\/wp\/v2\/types\/post"}],"author":[{"embeddable":true,"href":"https:\/\/www.europesays.com\/ee\/wp-json\/wp\/v2\/users\/2"}],"replies":[{"embeddable":true,"href":"https:\/\/www.europesays.com\/ee\/wp-json\/wp\/v2\/comments?post=232518"}],"version-history":[{"count":0,"href":"https:\/\/www.europesays.com\/ee\/wp-json\/wp\/v2\/posts\/232518\/revisions"}],"wp:featuredmedia":[{"embeddable":true,"href":"https:\/\/www.europesays.com\/ee\/wp-json\/wp\/v2\/media\/232519"}],"wp:attachment":[{"href":"https:\/\/www.europesays.com\/ee\/wp-json\/wp\/v2\/media?parent=232518"}],"wp:term":[{"taxonomy":"category","embeddable":true,"href":"https:\/\/www.europesays.com\/ee\/wp-json\/wp\/v2\/categories?post=232518"},{"taxonomy":"post_tag","embeddable":true,"href":"https:\/\/www.europesays.com\/ee\/wp-json\/wp\/v2\/tags?post=232518"}],"curies":[{"name":"wp","href":"https:\/\/api.w.org\/{rel}","templated":true}]}}