{"id":232543,"date":"2026-07-20T14:40:06","date_gmt":"2026-07-20T14:40:06","guid":{"rendered":"https:\/\/www.europesays.com\/ee\/232543\/"},"modified":"2026-07-20T14:40:06","modified_gmt":"2026-07-20T14:40:06","slug":"maksejouetuse-teenistus-palub-valitsuse-sekkumist-kasvava-maksejouetuse-teemasse-majandus","status":"publish","type":"post","link":"https:\/\/www.europesays.com\/ee\/232543\/","title":{"rendered":"Maksej\u00f5uetuse teenistus palub valitsuse sekkumist kasvava maksej\u00f5uetuse teemasse | Majandus"},"content":{"rendered":"<p>Konkurentsiameti maksej\u00f5uetuse teenistus hoiatab p\u00f6\u00f6rdumises peaminister Kristen Michalile, et kiiresti kasvav maksej\u00f5uetus on suur ja v\u00f5ib kujutada ohtu riigi sisejulgeolekule.<\/p>\n<p>Maksej\u00f5uetuse teenistuse juhataja Signe Viimsalu kirjutas p\u00f6\u00f6rdumises Michalile, et ulatuslik maksej\u00f5uetus v\u00f5ib p\u00f5hjustada\u00a0majanduslikku, sotsiaalset ja institutsionaalset ebakindlust\u00a0ning kujutada ohtu Eesti sisejulgeolekule.<\/p>\n<p>Kirja j\u00e4rgi j\u00e4i t\u00e4navu esimesel poolaastal 126 varatu maksej\u00f5uetu ettev\u00f5tte t\u00f5ttu v\u00f5lausaldajatel saamata \u00fcle 50 miljoni euro. Mullu oli selliseid ettev\u00f5tteid kogu aasta peale 192 ning v\u00f5lausaldajatele j\u00e4i maksmata pea 74 miljonit eurot. See oli omakorda 52 protsenti enam kui aasta varem.<\/p>\n<p>2025. aastal maksis t\u00f6\u00f6tukassa varatute \u00e4ri\u00fchingute t\u00f6\u00f6tajatele h\u00fcvitisena enam kui miljon eurot aastas. Viimsalu m\u00e4rkis, et kehtiva \u00f5iguse j\u00e4rgi ei saa t\u00f6\u00f6tukassa seda raha raskeid juhtimisvigu teinud \u00e4ri\u00fchingute juhtidelt tagasi n\u00f5uda.<\/p>\n<p>Kirjas seisis, et \u00fche varatu maksej\u00f5uetu ettev\u00f5tte kohta j\u00e4\u00e4b v\u00f5lausaldajatel praegu saamata umbes\u00a0400 000 eurot. Kolm aastat tagasi oli see number v\u00e4hem kui 100 000 eurot.\u00a0Enamasti siiski ei saa v\u00f5lausaldajad seda raha enam tagasi.<\/p>\n<p>Sellegi poolest ei esita v\u00f5lausaldajad pankrotiavaldusi, sest riigil\u00f5iv on 420 eurot. Lisaks k\u00fcsivad ajutised haldurid l\u00e4bi kohtute keskmiselt 4700 eurot pankrotimenetluse deposiiti.<\/p>\n<p>Viimsalu juhtis t\u00e4helepanu ka sellele, et\u00a035 720 ettev\u00f5tet ehk 12,5 protsenti pole siiani esitanud 2024. aasta majandusaasta aruannet.\u00a0Ligi\u00a082 000 ettev\u00f5tet ehk 27 protsenti pole esitanud 2025. aasta majandusaasta aruannet.<\/p>\n<p>Kui ettev\u00f5te aga aruannet \u00e4ra ei esita, ei saa riik teada, kuidas neil majanduslikult l\u00e4heb. Siis ei pruugi raskustes ettev\u00f5te j\u00f5uda ka pankrotimenetluseni ning tegelilk statistika ja \u00fclevaade pankrotis ettev\u00f5tetest j\u00e4\u00e4b puudulikuks.<\/p>\n<p>Viimsalu s\u00f5nul hindab maksej\u00f5uetuse teenistus, et Eesti ettev\u00f5tlusmaastikul on ligi 18 miljardi euro ulatuses latentset maksej\u00f5uetust. Sisse pole arvestatud f\u00fc\u00fcsilistest isikutest v\u00f5lgnikud, kelle v\u00f5lgu kohtud massiliselt kustutavad. &#8220;Seega j\u00e4\u00e4b riigieelarvesse raha laekumata,&#8221; nentis Viimsalu.<\/p>\n<p>Ta s\u00f5nas, et Eestis pole praegu selgelt m\u00e4\u00e4ratud, kes vastutab Eesti ettev\u00f5tlusmaastikul toimuvate riskide ennetamise ja haldamise eest ning tegeleb inimeste maksej\u00f5uetusega. Viimsalu palus peaministril kutsuda kokku valitsuse istung.<\/p>\n<p>Ta soovib, et seal arutataks maksej\u00f5uetuse m\u00f5ju Eesti majandusele ja sisejulgeolekule. Viimsalu nimetas, et maksej\u00f5uetuse t\u00f5ttu v\u00f5ivad kasvada sotsiaalne ebav\u00f5rdsus, kuritegevus, oluliste ettev\u00f5tete h\u00e4ired, finantss\u00fcsteemi ebastabiilsus, v\u00e4lism\u00f5ju oht ning v\u00e4heneda usaldus riigi institutsioonide vastu.<\/p>\n<p>Riigikantselei kommunikatsioonin\u00f5unik Lysandra Suursaar vastas ERR-i p\u00e4ringule, et kirja sisuline menetlemine on alles pooleli, mist\u00f5ttu pole neil veel Viimsalu t\u00f5statatud k\u00fcsimustele vastuseid.<\/p>\n","protected":false},"excerpt":{"rendered":"Konkurentsiameti maksej\u00f5uetuse teenistus hoiatab p\u00f6\u00f6rdumises peaminister Kristen Michalile, et kiiresti kasvav maksej\u00f5uetus on suur ja v\u00f5ib kujutada ohtu&hellip;\n","protected":false},"author":2,"featured_media":232544,"comment_status":"","ping_status":"","sticky":false,"template":"","format":"standard","meta":{"footnotes":"","_share_on_mastodon":"0"},"categories":[12],"tags":[26,27,37,33,35,34,36,31,32,21,7639,646,28,29,17842,78549,19,7751,25,81714,23,24,22,20,30,3293],"class_list":["post-232543","post","type-post","status-publish","format-standard","has-post-thumbnail","category-eesti","tag-breaking-news","tag-breakingnews","tag-ee","tag-eesti","tag-eesti-keel","tag-estonia","tag-estonian","tag-featured-news","tag-featurednews","tag-headlines","tag-konkurentsiamet","tag-kristen-michal","tag-latest-news","tag-latestnews","tag-maksejouetus","tag-maksejouetuse-teenistus","tag-news","tag-peaminister","tag-populaarseimad-lood","tag-signe-viimsalu","tag-top-stories","tag-topstories","tag-uldised-uudised","tag-uudised","tag-viimased-uudised","tag-volad"],"share_on_mastodon":{"url":"https:\/\/pubeurope.com\/@ee\/116952827341065350","error":""},"_links":{"self":[{"href":"https:\/\/www.europesays.com\/ee\/wp-json\/wp\/v2\/posts\/232543","targetHints":{"allow":["GET"]}}],"collection":[{"href":"https:\/\/www.europesays.com\/ee\/wp-json\/wp\/v2\/posts"}],"about":[{"href":"https:\/\/www.europesays.com\/ee\/wp-json\/wp\/v2\/types\/post"}],"author":[{"embeddable":true,"href":"https:\/\/www.europesays.com\/ee\/wp-json\/wp\/v2\/users\/2"}],"replies":[{"embeddable":true,"href":"https:\/\/www.europesays.com\/ee\/wp-json\/wp\/v2\/comments?post=232543"}],"version-history":[{"count":0,"href":"https:\/\/www.europesays.com\/ee\/wp-json\/wp\/v2\/posts\/232543\/revisions"}],"wp:featuredmedia":[{"embeddable":true,"href":"https:\/\/www.europesays.com\/ee\/wp-json\/wp\/v2\/media\/232544"}],"wp:attachment":[{"href":"https:\/\/www.europesays.com\/ee\/wp-json\/wp\/v2\/media?parent=232543"}],"wp:term":[{"taxonomy":"category","embeddable":true,"href":"https:\/\/www.europesays.com\/ee\/wp-json\/wp\/v2\/categories?post=232543"},{"taxonomy":"post_tag","embeddable":true,"href":"https:\/\/www.europesays.com\/ee\/wp-json\/wp\/v2\/tags?post=232543"}],"curies":[{"name":"wp","href":"https:\/\/api.w.org\/{rel}","templated":true}]}}