{"id":232628,"date":"2026-07-20T16:48:31","date_gmt":"2026-07-20T16:48:31","guid":{"rendered":"https:\/\/www.europesays.com\/ee\/232628\/"},"modified":"2026-07-20T16:48:31","modified_gmt":"2026-07-20T16:48:31","slug":"soprus-avab-augustis-harjumael-suvekino-film","status":"publish","type":"post","link":"https:\/\/www.europesays.com\/ee\/232628\/","title":{"rendered":"S\u00f5prus avab augustis Harjum\u00e4el suvekino | Film"},"content":{"rendered":"<p>21. kuni 23. augustini avab S\u00f5prus Harjum\u00e4el suvekino, kus linastuvad kolmel \u00f5htul kolm eriilmelist filmi.<\/p>\n<p>Suvekino valikuga tutvustab S\u00f5prus n\u00e4puotsaga ka s\u00fcgiseplaane. 21. augustil n\u00e4eb S\u00f5pruse kinolinalt t\u0161iili m\u00fcstiku Alejandro Jodorowsky filmi &#8220;P\u00fcha m\u00e4gi&#8221; (1973).<\/p>\n<p>22. augustil linastub koost\u00f6\u00f6s 30. s\u00fcnnip\u00e4eva t\u00e4histava Pimedate \u00d6\u00f6de filmifestivaliga\u00a0norralase Bent Hameri kom\u00f6\u00f6dia &#8220;K\u00f6\u00f6gilood&#8221; (2003).<\/p>\n<p>Programmi l\u00f5petab 23. augustil p\u00fchap\u00e4eva \u00f5htul Robert Zemeckise &#8220;Forrest Gump&#8221; (1994) austusavaldusena k\u00f5igile samal n\u00e4dalavahetusel linnas end \u00fcletanud raudmeestele ja -naistele.<\/p>\n<p>K\u00f5ik seansid algavad peale p\u00e4ikeseloojangut orienteeruvalt kell 21.30. K\u00f5ik filmid linastuvad originaalkeeles ning eesti- ja ingliskeelsete subtiitritega ja igale seansile eelneb sissejuhatus.<\/p>\n<p>M\u00f5ned p\u00e4evad enne kolib S\u00f5prus \u00fcheks \u00f5htuks suvekinoga ka <a href=\"https:\/\/kultuur.err.ee\/1610078758\/kino-soprus-naitab-lasnamae-tornmajade-vahel-veiko-ounpuu-sugiballi\" target=\"_blank\" rel=\"noopener nofollow\">Lasnam\u00e4ele<\/a>.<\/p>\n<p>M\u00f6\u00f6dunud aastal v\u00f5is S\u00f5pruse suvekino k\u00fclastada Rotermanni kvartalis, aasta enne seda Telliskivi kvartalis.<\/p>\n","protected":false},"excerpt":{"rendered":"21. kuni 23. augustini avab S\u00f5prus Harjum\u00e4el suvekino, kus linastuvad kolmel \u00f5htul kolm eriilmelist filmi. Suvekino valikuga tutvustab&hellip;\n","protected":false},"author":2,"featured_media":232629,"comment_status":"","ping_status":"","sticky":false,"template":"","format":"standard","meta":{"footnotes":"","_share_on_mastodon":"0"},"categories":[16],"tags":[37,33,35,173,34,36,93081,7646,93082,140,93079,10726,93080,80633],"class_list":["post-232628","post","type-post","status-publish","format-standard","has-post-thumbnail","category-meelelahutus","tag-ee","tag-eesti","tag-eesti-keel","tag-entertainment","tag-estonia","tag-estonian","tag-forrest-gump","tag-kino-soprus","tag-koogilood","tag-meelelahutus","tag-puha-magi","tag-soprus","tag-sopruse-suvekino","tag-suvekino"],"share_on_mastodon":{"url":"https:\/\/pubeurope.com\/@ee\/116953330699103439","error":""},"_links":{"self":[{"href":"https:\/\/www.europesays.com\/ee\/wp-json\/wp\/v2\/posts\/232628","targetHints":{"allow":["GET"]}}],"collection":[{"href":"https:\/\/www.europesays.com\/ee\/wp-json\/wp\/v2\/posts"}],"about":[{"href":"https:\/\/www.europesays.com\/ee\/wp-json\/wp\/v2\/types\/post"}],"author":[{"embeddable":true,"href":"https:\/\/www.europesays.com\/ee\/wp-json\/wp\/v2\/users\/2"}],"replies":[{"embeddable":true,"href":"https:\/\/www.europesays.com\/ee\/wp-json\/wp\/v2\/comments?post=232628"}],"version-history":[{"count":0,"href":"https:\/\/www.europesays.com\/ee\/wp-json\/wp\/v2\/posts\/232628\/revisions"}],"wp:featuredmedia":[{"embeddable":true,"href":"https:\/\/www.europesays.com\/ee\/wp-json\/wp\/v2\/media\/232629"}],"wp:attachment":[{"href":"https:\/\/www.europesays.com\/ee\/wp-json\/wp\/v2\/media?parent=232628"}],"wp:term":[{"taxonomy":"category","embeddable":true,"href":"https:\/\/www.europesays.com\/ee\/wp-json\/wp\/v2\/categories?post=232628"},{"taxonomy":"post_tag","embeddable":true,"href":"https:\/\/www.europesays.com\/ee\/wp-json\/wp\/v2\/tags?post=232628"}],"curies":[{"name":"wp","href":"https:\/\/api.w.org\/{rel}","templated":true}]}}