{"id":232647,"date":"2026-07-20T17:13:10","date_gmt":"2026-07-20T17:13:10","guid":{"rendered":"https:\/\/www.europesays.com\/ee\/232647\/"},"modified":"2026-07-20T17:13:10","modified_gmt":"2026-07-20T17:13:10","slug":"ukraina-rundas-hersonis-fsb-keskust-puhkes-suur-tulekahju","status":"publish","type":"post","link":"https:\/\/www.europesays.com\/ee\/232647\/","title":{"rendered":"Ukraina r\u00fcndas Hersonis FSB keskust: puhkes suur tulekahju"},"content":{"rendered":"<p>SBU teatel puhkes pansionaati rajatud kompleksis r\u00fcnnaku j\u00e4rel ulatuslik tulekahju.<\/p>\n<p>Esialgsetel andmetel viibis tugevalt kindlustatud rajatises r\u00fcnnaku ajal umbes sada Vene s\u00f5jav\u00e4elast ning seal asus \u00fcle 70 s\u00f5iduki. Kompleksi kaitsesid relvastatud valvurid, kontrollpunktid, insenert\u00f5kked ja maa-alused varjualused. <\/p>\n<p>SBU hinnangul halvab selline operatsioon vaenlase juhtimiss\u00fcsteeme, sunnib neid suunama lisaj\u00f5ude oma objektide kaitsesse ning raskendab oluliselt FSB \u00fcksuste logistikat ja varustamist. <\/p>\n<p>Ohvrite arvu ega r\u00fcnnaku t\u00e4pset asukohta pole avalikustatud, samuti pole v\u00e4iteid s\u00f5ltumatult kinnitatud ning Venemaa pole juhtunut kommenteerinud.<\/p>\n<p>Venemaa okupeeris suurema osa Hersoni oblastist 2022. aasta t\u00e4ieulatusliku sissetungi avan\u00e4dalatel. Ehkki Ukraina vabastas sama aasta novembris Dnipro j\u00f5e l\u00e4\u00e4nekalda koos oblasti pealinnaga, asub j\u00f5e idakallas endiselt okupatsiooni all. <\/p>\n<p>Okupeeritud ala moodustab olulise osa Venemaa maismaakoridorist <a rel=\"noopener nofollow\" target=\"_blank\" href=\"https:\/\/www.delfi.ee\/teema\/56817396\/krimm\" tag-id=\"56817396\">Krimmi<\/a> ning seal asuvad L\u00f5una-Ukrainas s\u00f5divate Vene v\u00e4gede s\u00f5jav\u00e4ebaasid ja logistikas\u00f5lmed.<\/p>\n<p>Kuidas see lugu Sind end tundma pani? Saada <a href=\"https:\/\/www.delfi.ee\/artikkel\/120598479\/ukraina-rundas-hersonis-fsb-keskust-puhkes-suur-tulekahju\/kommentaarid\" class=\"article-body-bottom__comment article-body-bottom__comment--write button button--primary button--size-auto\" rel=\"nofollow noopener\" target=\"_blank\"> Kommenteeri <\/a><a href=\"https:\/\/www.delfi.ee\/artikkel\/120598479\/ukraina-rundas-hersonis-fsb-keskust-puhkes-suur-tulekahju\/kommentaarid\" class=\"article-body-bottom__comment article-body-bottom__comment--read button button--size-auto\" rel=\"nofollow noopener\" target=\"_blank\"> Loe kommentaare (7)<\/a><\/p>\n","protected":false},"excerpt":{"rendered":"SBU teatel puhkes pansionaati rajatud kompleksis r\u00fcnnaku j\u00e4rel ulatuslik tulekahju. Esialgsetel andmetel viibis tugevalt kindlustatud rajatises r\u00fcnnaku ajal&hellip;\n","protected":false},"author":2,"featured_media":232648,"comment_status":"","ping_status":"","sticky":false,"template":"","format":"standard","meta":{"footnotes":"","_share_on_mastodon":"0"},"categories":[80],"tags":[26,27,37,33,35,34,36,31,32,9251,21,10734,1856,28,29,95,19,25,7551,107,23,24,22,20,30,92,93,94],"class_list":["post-232647","post","type-post","status-publish","format-standard","has-post-thumbnail","category-maailm","tag-breaking-news","tag-breakingnews","tag-ee","tag-eesti","tag-eesti-keel","tag-estonia","tag-estonian","tag-featured-news","tag-featurednews","tag-fsb","tag-headlines","tag-hersoni-oblast","tag-krimm","tag-latest-news","tag-latestnews","tag-maailm","tag-news","tag-populaarseimad-lood","tag-sbu","tag-soda-ukrainas","tag-top-stories","tag-topstories","tag-uldised-uudised","tag-uudised","tag-viimased-uudised","tag-world","tag-world-news","tag-worldnews"],"share_on_mastodon":{"url":"https:\/\/pubeurope.com\/@ee\/116953429114529846","error":""},"_links":{"self":[{"href":"https:\/\/www.europesays.com\/ee\/wp-json\/wp\/v2\/posts\/232647","targetHints":{"allow":["GET"]}}],"collection":[{"href":"https:\/\/www.europesays.com\/ee\/wp-json\/wp\/v2\/posts"}],"about":[{"href":"https:\/\/www.europesays.com\/ee\/wp-json\/wp\/v2\/types\/post"}],"author":[{"embeddable":true,"href":"https:\/\/www.europesays.com\/ee\/wp-json\/wp\/v2\/users\/2"}],"replies":[{"embeddable":true,"href":"https:\/\/www.europesays.com\/ee\/wp-json\/wp\/v2\/comments?post=232647"}],"version-history":[{"count":0,"href":"https:\/\/www.europesays.com\/ee\/wp-json\/wp\/v2\/posts\/232647\/revisions"}],"wp:featuredmedia":[{"embeddable":true,"href":"https:\/\/www.europesays.com\/ee\/wp-json\/wp\/v2\/media\/232648"}],"wp:attachment":[{"href":"https:\/\/www.europesays.com\/ee\/wp-json\/wp\/v2\/media?parent=232647"}],"wp:term":[{"taxonomy":"category","embeddable":true,"href":"https:\/\/www.europesays.com\/ee\/wp-json\/wp\/v2\/categories?post=232647"},{"taxonomy":"post_tag","embeddable":true,"href":"https:\/\/www.europesays.com\/ee\/wp-json\/wp\/v2\/tags?post=232647"}],"curies":[{"name":"wp","href":"https:\/\/api.w.org\/{rel}","templated":true}]}}