{"id":232748,"date":"2026-07-20T20:11:21","date_gmt":"2026-07-20T20:11:21","guid":{"rendered":"https:\/\/www.europesays.com\/ee\/232748\/"},"modified":"2026-07-20T20:11:21","modified_gmt":"2026-07-20T20:11:21","slug":"nafta-kallineb-taas-palju-see-balti-riikidele-maksma-laheb","status":"publish","type":"post","link":"https:\/\/www.europesays.com\/ee\/232748\/","title":{"rendered":"Nafta kallineb taas: palju see Balti riikidele maksma l\u00e4heb?"},"content":{"rendered":"<p class=\"MsoNormal\">Ta nentis, et kui pinged veelgi s\u00fcveneksid ja Brenti hind t\u00f5useks 100 dollarini barreli kohta ning j\u00e4\u00e4ks sellele tasemele pikemaks ajaks, oleks m\u00f5ju ligikaudu kaks korda suurem, sest ka hinnaliikumine ise oleks umbes kaks korda ulatuslikum. Euroalal t\u00f5useks \u00fcldinflatsioon sellisel juhul umbes 0,85 protsendipunkti. Balti riikides oleks t\u00f5us j\u00e4rsem: Eestis umbes 0,9 protsendipunkti, L\u00e4tis 1,0 ja Leedus 1,22 protsendipunkti.<\/p>\n<p class=\"MsoNormal\">Alusinflatsioon, mis ei arvesta k\u00f5ikuvamaid hinnakomponente, nagu energia, toit, tubakas ja alkohol, reageeriks aeglasemalt. Euroalal t\u00f5useks see umbes 0,1 protsendipunkti ja Balti riikides ligikaudu 0,2 protsendipunkti. Selle n\u00e4itaja j\u00e4rgi oleks m\u00f5ju veidi suurem L\u00e4tis ja Eestis, vastavalt 0,19 ja 0,18 protsendipunkti, ning veidi v\u00e4iksem Leedus, kus m\u00f5ju oleks 0,16 protsendipunkti. Rebase s\u00f5nul on p\u00f5hjus selles, et L\u00e4ti ja Eesti majandus on tervikuna energiamahukamad ning madalamad keskmised sissetulekud t\u00e4hendavad, et energiakulud v\u00f5tavad majapidamiste eelarvest suurema osa.<\/p>\n<p class=\"MsoNormal\">\u00abMida kauem k\u00f5rged naftahinnad p\u00fcsivad, seda suurem on risk, et hinnat\u00f5us levib k\u00fctusest kaugemale ja j\u00f5uab laiemalt kaupade ning teenuste hindadesse. Samuti v\u00f5ib tekkida surve palkade t\u00f5stmiseks, kui t\u00f6\u00f6tajad p\u00fc\u00fcavad kaotatud ostuj\u00f5udu tagasi saada. Kui ettev\u00f5tted need palgat\u00f5usud v\u00f5imalikuks teevad, j\u00f5uab osa lisakulust taas hindadesse,\u00bb t\u00f5des Rebane.<\/p>\n<p>Just sellised kaudsed inflatsioonim\u00f5jud teevad tema s\u00f5nul keskpankadele k\u00f5ige rohkem muret. \u00abEsialgset energia\u0161okki on lihtsam hinnata ja selle m\u00f5ju v\u00f5ib olla ajutine. Kui hinnat\u00f5us kandub edasi palkadesse, teenustesse ja teistesse kaupadesse, muutub inflatsioon p\u00fcsivamaks ning seda on keerulisem ohjeldada. Seet\u00f5ttu ei ilmu alusinflatsiooni m\u00f5ju korraga, vaid kujuneb \u00fche kuni kahe aasta jooksul,\u00bb lisas Rebane.<\/p>\n<p>Praegune naftahinna t\u00f5us ei viita Citadele Balti jaepanganduse juhi s\u00f5nul iseenesest pikaajalisele inflatsiooniprobleemile: otsene m\u00f5ju on k\u00fcll m\u00f5\u00f5detav, kuid piiratud. Peamine k\u00fcsimus on kestus. Kui k\u00f5rgemad hinnad p\u00fcsivad mitu kuud, tunneksid Balti riigid hinnasurvet veidi tugevamalt kui euroala keskmiselt.<\/p>\n","protected":false},"excerpt":{"rendered":"Ta nentis, et kui pinged veelgi s\u00fcveneksid ja Brenti hind t\u00f5useks 100 dollarini barreli kohta ning j\u00e4\u00e4ks sellele&hellip;\n","protected":false},"author":2,"featured_media":232749,"comment_status":"","ping_status":"","sticky":false,"template":"","format":"standard","meta":{"footnotes":"","_share_on_mastodon":"0"},"categories":[5],"tags":[68,26,27,37,33,35,67,34,36,31,32,21,63,66,28,29,64,19,25,69,62,23,24,65,22,20,30],"class_list":["post-232748","post","type-post","status-publish","format-standard","has-post-thumbnail","category-uldised-uudised","tag-bors","tag-breaking-news","tag-breakingnews","tag-ee","tag-eesti","tag-eesti-keel","tag-elustiil","tag-estonia","tag-estonian","tag-featured-news","tag-featurednews","tag-headlines","tag-investor","tag-juhtimine","tag-latest-news","tag-latestnews","tag-majandusuudised","tag-news","tag-populaarseimad-lood","tag-skp","tag-tarbija","tag-top-stories","tag-topstories","tag-turundus","tag-uldised-uudised","tag-uudised","tag-viimased-uudised"],"share_on_mastodon":{"url":"https:\/\/pubeurope.com\/@ee\/116954129106041154","error":""},"_links":{"self":[{"href":"https:\/\/www.europesays.com\/ee\/wp-json\/wp\/v2\/posts\/232748","targetHints":{"allow":["GET"]}}],"collection":[{"href":"https:\/\/www.europesays.com\/ee\/wp-json\/wp\/v2\/posts"}],"about":[{"href":"https:\/\/www.europesays.com\/ee\/wp-json\/wp\/v2\/types\/post"}],"author":[{"embeddable":true,"href":"https:\/\/www.europesays.com\/ee\/wp-json\/wp\/v2\/users\/2"}],"replies":[{"embeddable":true,"href":"https:\/\/www.europesays.com\/ee\/wp-json\/wp\/v2\/comments?post=232748"}],"version-history":[{"count":0,"href":"https:\/\/www.europesays.com\/ee\/wp-json\/wp\/v2\/posts\/232748\/revisions"}],"wp:featuredmedia":[{"embeddable":true,"href":"https:\/\/www.europesays.com\/ee\/wp-json\/wp\/v2\/media\/232749"}],"wp:attachment":[{"href":"https:\/\/www.europesays.com\/ee\/wp-json\/wp\/v2\/media?parent=232748"}],"wp:term":[{"taxonomy":"category","embeddable":true,"href":"https:\/\/www.europesays.com\/ee\/wp-json\/wp\/v2\/categories?post=232748"},{"taxonomy":"post_tag","embeddable":true,"href":"https:\/\/www.europesays.com\/ee\/wp-json\/wp\/v2\/tags?post=232748"}],"curies":[{"name":"wp","href":"https:\/\/api.w.org\/{rel}","templated":true}]}}