{"id":232762,"date":"2026-07-20T21:16:08","date_gmt":"2026-07-20T21:16:08","guid":{"rendered":"https:\/\/www.europesays.com\/ee\/232762\/"},"modified":"2026-07-20T21:16:08","modified_gmt":"2026-07-20T21:16:08","slug":"riigiasutused-kulutavad-pr-ile-miljoneid-maksumaksja-kasu-on-ebaselge","status":"publish","type":"post","link":"https:\/\/www.europesays.com\/ee\/232762\/","title":{"rendered":"Riigiasutused kulutavad PR-ile miljoneid. Maksumaksja kasu on ebaselge"},"content":{"rendered":"<p>Riigiasutustel on oma kommunikatsiooniosakonnad, kuid \u00fcha enam liigub maksumaksja raha ka erasektori suhtekorraldusfirmadesse. Ainu\u00fcksi m\u00f5ne suurema PR-ettev\u00f5tte arved on paari aastaga miljonitesse kasvanud ning m\u00f5ne puhul tuleb \u00fcle poole k\u00e4ibest juba riigilt.<\/p>\n<p>Miks palkab riik v\u00e4liseid kommunikatsioonipartnereid, kui majas on k\u00fcmned spetsialistid olemas? Ja mida on maksumaksja selle raha eest t\u00e4pselt saanud \u2013 kajastusi v\u00e4lismeedias, lennuliine, festivale v\u00f5i hoopis midagi enamat? J\u00e4rgnevas loos vaatame l\u00e4hemalt, kuidas see s\u00fcsteem tegelikult t\u00f6\u00f6tab.<\/p>\n","protected":false},"excerpt":{"rendered":"Riigiasutustel on oma kommunikatsiooniosakonnad, kuid \u00fcha enam liigub maksumaksja raha ka erasektori suhtekorraldusfirmadesse. Ainu\u00fcksi m\u00f5ne suurema PR-ettev\u00f5tte arved&hellip;\n","protected":false},"author":2,"featured_media":232763,"comment_status":"","ping_status":"","sticky":false,"template":"","format":"standard","meta":{"footnotes":"","_share_on_mastodon":"0"},"categories":[12],"tags":[26,27,37,33,35,2987,34,36,17775,31,32,21,5233,28,29,4065,93106,19,25,93105,1013,65638,23,24,22,20,30],"class_list":["post-232762","post","type-post","status-publish","format-standard","has-post-thumbnail","category-eesti","tag-breaking-news","tag-breakingnews","tag-ee","tag-eesti","tag-eesti-keel","tag-eisa","tag-estonia","tag-estonian","tag-euroopa-sotsiaalfond","tag-featured-news","tag-featurednews","tag-headlines","tag-kommunikatsioon","tag-latest-news","tag-latestnews","tag-majandus-ja-kommunikatsiooniministeerium","tag-miltton-new-nordics","tag-news","tag-populaarseimad-lood","tag-pr-agentuurid","tag-rahandusministeerium","tag-riigiasutused","tag-top-stories","tag-topstories","tag-uldised-uudised","tag-uudised","tag-viimased-uudised"],"share_on_mastodon":{"url":"https:\/\/pubeurope.com\/@ee\/116954384692198334","error":""},"_links":{"self":[{"href":"https:\/\/www.europesays.com\/ee\/wp-json\/wp\/v2\/posts\/232762","targetHints":{"allow":["GET"]}}],"collection":[{"href":"https:\/\/www.europesays.com\/ee\/wp-json\/wp\/v2\/posts"}],"about":[{"href":"https:\/\/www.europesays.com\/ee\/wp-json\/wp\/v2\/types\/post"}],"author":[{"embeddable":true,"href":"https:\/\/www.europesays.com\/ee\/wp-json\/wp\/v2\/users\/2"}],"replies":[{"embeddable":true,"href":"https:\/\/www.europesays.com\/ee\/wp-json\/wp\/v2\/comments?post=232762"}],"version-history":[{"count":0,"href":"https:\/\/www.europesays.com\/ee\/wp-json\/wp\/v2\/posts\/232762\/revisions"}],"wp:featuredmedia":[{"embeddable":true,"href":"https:\/\/www.europesays.com\/ee\/wp-json\/wp\/v2\/media\/232763"}],"wp:attachment":[{"href":"https:\/\/www.europesays.com\/ee\/wp-json\/wp\/v2\/media?parent=232762"}],"wp:term":[{"taxonomy":"category","embeddable":true,"href":"https:\/\/www.europesays.com\/ee\/wp-json\/wp\/v2\/categories?post=232762"},{"taxonomy":"post_tag","embeddable":true,"href":"https:\/\/www.europesays.com\/ee\/wp-json\/wp\/v2\/tags?post=232762"}],"curies":[{"name":"wp","href":"https:\/\/api.w.org\/{rel}","templated":true}]}}