{"id":232846,"date":"2026-07-21T02:54:23","date_gmt":"2026-07-21T02:54:23","guid":{"rendered":"https:\/\/www.europesays.com\/ee\/232846\/"},"modified":"2026-07-21T02:54:23","modified_gmt":"2026-07-21T02:54:23","slug":"mida-arvati-mm-finaali-vaheajasoust-rooney-see-oli-jama-keane-shakirat-on-alati-tore-naha-soccernet-ee","status":"publish","type":"post","link":"https:\/\/www.europesays.com\/ee\/232846\/","title":{"rendered":"Mida arvati MM-finaali vaheajas\u00f5ust? Rooney: see oli jama. Keane: Shakirat on alati tore n\u00e4ha &#8211; Soccernet.ee"},"content":{"rendered":"<p><img decoding=\"async\" src=\"https:\/\/www.europesays.com\/ee\/wp-content\/uploads\/2026\/07\/1784573715.jpg\" alt=\"Shakira ja Burna Boy. Foto: Scanpix \/ Leo Barrilari \/ Sport Press Photo via ZUMA Press\"\/>&#13;\n<\/p>\n<p>Mitmed endised m\u00e4ngijad ja praegused stuudioeksperdid ei olnud MM-finaali vaheajas\u00f5ust vaimustuses.<\/p>\n<p>New Jerseys MetLife&#8217;i staadionil toimunud MM-finaali vaheajal toimus 11-minutiline etendus, kus esinesid mitmed tuntud artistid &#8211; n\u00e4iteks Madonna, Burna Boy, Shakira, Justin Bieber ja L\u00f5una-Korea poisteb\u00e4nd BTS. Tavap\u00e4rase 15 minuti asemel kestis vaheaeg l\u00f5puks \u00fcle 27 minuti.&#13;\n<\/p>\n<p>BBC eksperdina t\u00f6\u00f6tanud Wayne Rooney r\u00e4\u00e4kis, et ta ei j\u00f5udnud vaheajas\u00f5u l\u00f5ppu \u00e4ra oodata. &#8220;Mulle meeldivad neist paljud artistid, aga minu arvates oli see jama. See lihtsalt ei t\u00f5mmanud mind k\u00e4ima ja tahtsin, et jalgpall tuleks tagasi. Mulle meeldib Burna Boy, mulle meeldib Bieber, mulle meeldib Shakira, aga see oli liiga lame,&#8221; lausus Rooney.&#13;\n<\/p>\n<p>Roy Keane m\u00e4rkis ITV eetris, et vaheajas\u00f5u ei vastanud ootustele: &#8220;See oli pettumus, aga arvan, et staadionil olnud inimesed nautisid seda ilmselt rohkem kui meie. Aga Shakirat on alati tore n\u00e4ha.&#8221;<\/p>\n<p>Ian Wright kritiseeris Bieberi esitust, mis tema arust polnud energiline. &#8220;Mulle tundus, et ta oleks pidanud meid veidi rohkem elavdama. Tundus natuke masendav,&#8221; s\u00f5nas Wright, kellega ei n\u00f5ustunud Gary Neville. &#8220;Ma isegi nautisin seda,&#8221; \u00fctles Neville.&#13;\n<\/p>\n<p>MM-finaali vaheajas\u00f5u korraldati FIFA \u00fclemaailmse haridusfondi toetuseks, mille eesm\u00e4rk oli koguda 100 miljonit USA dollarit, et suurendada laste juurdep\u00e4\u00e4su haridusele ja jalgpallile kogu maailmas.<\/p>\n","protected":false},"excerpt":{"rendered":"&#13; Mitmed endised m\u00e4ngijad ja praegused stuudioeksperdid ei olnud MM-finaali vaheajas\u00f5ust vaimustuses. New Jerseys MetLife&#8217;i staadionil toimunud MM-finaali&hellip;\n","protected":false},"author":2,"featured_media":232847,"comment_status":"","ping_status":"","sticky":false,"template":"","format":"standard","meta":{"footnotes":"","_share_on_mastodon":"0"},"categories":[18],"tags":[37,33,35,34,36,93112,80620,25342,92151,13376,6890,49108,32337,85078,159,158,93113,86789,93114],"class_list":["post-232846","post","type-post","status-publish","format-standard","has-post-thumbnail","category-sport","tag-ee","tag-eesti","tag-eesti-keel","tag-estonia","tag-estonian","tag-gary-neville","tag-ian-wright","tag-keane","tag-mm-finaal","tag-mm-finaalturniir","tag-mm2026","tag-neville","tag-rooney","tag-roy-keane","tag-sport","tag-sports","tag-vaheajasou","tag-wayne-rooney","tag-wright"],"share_on_mastodon":{"url":"https:\/\/pubeurope.com\/@ee\/116955713938394121","error":""},"_links":{"self":[{"href":"https:\/\/www.europesays.com\/ee\/wp-json\/wp\/v2\/posts\/232846","targetHints":{"allow":["GET"]}}],"collection":[{"href":"https:\/\/www.europesays.com\/ee\/wp-json\/wp\/v2\/posts"}],"about":[{"href":"https:\/\/www.europesays.com\/ee\/wp-json\/wp\/v2\/types\/post"}],"author":[{"embeddable":true,"href":"https:\/\/www.europesays.com\/ee\/wp-json\/wp\/v2\/users\/2"}],"replies":[{"embeddable":true,"href":"https:\/\/www.europesays.com\/ee\/wp-json\/wp\/v2\/comments?post=232846"}],"version-history":[{"count":0,"href":"https:\/\/www.europesays.com\/ee\/wp-json\/wp\/v2\/posts\/232846\/revisions"}],"wp:featuredmedia":[{"embeddable":true,"href":"https:\/\/www.europesays.com\/ee\/wp-json\/wp\/v2\/media\/232847"}],"wp:attachment":[{"href":"https:\/\/www.europesays.com\/ee\/wp-json\/wp\/v2\/media?parent=232846"}],"wp:term":[{"taxonomy":"category","embeddable":true,"href":"https:\/\/www.europesays.com\/ee\/wp-json\/wp\/v2\/categories?post=232846"},{"taxonomy":"post_tag","embeddable":true,"href":"https:\/\/www.europesays.com\/ee\/wp-json\/wp\/v2\/tags?post=232846"}],"curies":[{"name":"wp","href":"https:\/\/api.w.org\/{rel}","templated":true}]}}