{"id":232979,"date":"2026-07-21T07:11:12","date_gmt":"2026-07-21T07:11:12","guid":{"rendered":"https:\/\/www.europesays.com\/ee\/232979\/"},"modified":"2026-07-21T07:11:12","modified_gmt":"2026-07-21T07:11:12","slug":"trump-kehtestas-kanada-kaupadele-50-protsendised-tollid","status":"publish","type":"post","link":"https:\/\/www.europesays.com\/ee\/232979\/","title":{"rendered":"Trump kehtestas Kanada kaupadele 50-protsendised tollid"},"content":{"rendered":"<p>\u00dcks administratsiooni ametnik \u00fctles varem, et Kanada on ainus riik peale <a rel=\"noopener nofollow\" target=\"_blank\" href=\"https:\/\/www.delfi.ee\/teema\/1165\/hiina\" tag-id=\"1165\">Hiina<\/a>, kes on Trumpi varasematele tollidele vastanud, ja tuleb seega vastutusele v\u00f5tta, vahendab Associated Press.<\/p>\n<p>Uued tollid ei laiene energiatoodetele, potasele, kalale ja kriitilise t\u00e4htsusega maavaradele, aga h\u00f5lmavad kaupu, mida varem kaitses tollide eest USA-<a rel=\"noopener nofollow\" target=\"_blank\" href=\"https:\/\/www.delfi.ee\/teema\/23103677\/mehhiko\" tag-id=\"23103677\">Mehhiko<\/a>-Kanada kokkulepe ehk USMCA. USA ei pikendanud seda 2020. aastal s\u00f5lmitud kokkulepet, mis kutsus esile uued l\u00e4bir\u00e4\u00e4kimised, mis v\u00f5ivad kesta kuni 2036. aastani.<\/p>\n<p>Valge Maja teatas, et tollid hakkavad kehtima 30 p\u00e4eva p\u00e4rast, mis t\u00e4hendab, et on aega l\u00e4bir\u00e4\u00e4kimisteks, sest Trump ei tee alati oma v\u00e4ljakuulutatud tolle teoks.<\/p>\n<p>Kanada peaminister <a rel=\"noopener nofollow\" target=\"_blank\" href=\"https:\/\/www.delfi.ee\/teema\/70654081\/mark-carney\" tag-id=\"70654081\">Mark Carney<\/a> \u00fctles, et tema valitsus usub vaba ja \u00f5iglase kaubanduse kasulikkusesse ja Kanada on valmis Trumpi administratsiooniga l\u00e4bi r\u00e4\u00e4kima.<\/p>\n<p>\u201eSee kaubandusvaidlus on t\u00f5stnud kulusid perekondade jaoks eriti USA-s,\u201c \u00fctles Carney. \u201eKanada on valmis intensiivselt suhtlema, et esil olevate k\u00fcsimustega koos USA-ga tegelda meie kodanike vastastikuseks kasuks.\u201c<\/p>\n<p>Kuidas see lugu Sind end tundma pani? Saada <a href=\"https:\/\/www.delfi.ee\/artikkel\/120598546\/trump-kehtestas-kanada-kaupadele-50-protsendised-tollid\/kommentaarid\" class=\"article-body-bottom__comment article-body-bottom__comment--write button button--primary button--size-auto\" rel=\"nofollow noopener\" target=\"_blank\"> Kommenteeri <\/a><a href=\"https:\/\/www.delfi.ee\/artikkel\/120598546\/trump-kehtestas-kanada-kaupadele-50-protsendised-tollid\/kommentaarid\" class=\"article-body-bottom__comment article-body-bottom__comment--read button button--size-auto\" rel=\"nofollow noopener\" target=\"_blank\"> Loe kommentaare (4)<\/a><\/p>\n","protected":false},"excerpt":{"rendered":"\u00dcks administratsiooni ametnik \u00fctles varem, et Kanada on ainus riik peale Hiina, kes on Trumpi varasematele tollidele vastanud,&hellip;\n","protected":false},"author":2,"featured_media":232980,"comment_status":"","ping_status":"","sticky":false,"template":"","format":"standard","meta":{"footnotes":"","_share_on_mastodon":"0"},"categories":[5],"tags":[26,27,324,37,33,35,34,36,31,32,21,326,1554,28,29,1555,6718,19,25,4558,23,24,22,325,20,1177,30],"class_list":["post-232979","post","type-post","status-publish","format-standard","has-post-thumbnail","category-uldised-uudised","tag-breaking-news","tag-breakingnews","tag-donald-trump","tag-ee","tag-eesti","tag-eesti-keel","tag-estonia","tag-estonian","tag-featured-news","tag-featurednews","tag-headlines","tag-hiina","tag-kanada","tag-latest-news","tag-latestnews","tag-mark-carney","tag-mehhiko","tag-news","tag-populaarseimad-lood","tag-tollid","tag-top-stories","tag-topstories","tag-uldised-uudised","tag-usa","tag-uudised","tag-valge-maja-usa","tag-viimased-uudised"],"share_on_mastodon":{"url":"https:\/\/pubeurope.com\/@ee\/116956724345020469","error":""},"_links":{"self":[{"href":"https:\/\/www.europesays.com\/ee\/wp-json\/wp\/v2\/posts\/232979","targetHints":{"allow":["GET"]}}],"collection":[{"href":"https:\/\/www.europesays.com\/ee\/wp-json\/wp\/v2\/posts"}],"about":[{"href":"https:\/\/www.europesays.com\/ee\/wp-json\/wp\/v2\/types\/post"}],"author":[{"embeddable":true,"href":"https:\/\/www.europesays.com\/ee\/wp-json\/wp\/v2\/users\/2"}],"replies":[{"embeddable":true,"href":"https:\/\/www.europesays.com\/ee\/wp-json\/wp\/v2\/comments?post=232979"}],"version-history":[{"count":0,"href":"https:\/\/www.europesays.com\/ee\/wp-json\/wp\/v2\/posts\/232979\/revisions"}],"wp:featuredmedia":[{"embeddable":true,"href":"https:\/\/www.europesays.com\/ee\/wp-json\/wp\/v2\/media\/232980"}],"wp:attachment":[{"href":"https:\/\/www.europesays.com\/ee\/wp-json\/wp\/v2\/media?parent=232979"}],"wp:term":[{"taxonomy":"category","embeddable":true,"href":"https:\/\/www.europesays.com\/ee\/wp-json\/wp\/v2\/categories?post=232979"},{"taxonomy":"post_tag","embeddable":true,"href":"https:\/\/www.europesays.com\/ee\/wp-json\/wp\/v2\/tags?post=232979"}],"curies":[{"name":"wp","href":"https:\/\/api.w.org\/{rel}","templated":true}]}}