{"id":233073,"date":"2026-07-21T09:11:07","date_gmt":"2026-07-21T09:11:07","guid":{"rendered":"https:\/\/www.europesays.com\/ee\/233073\/"},"modified":"2026-07-21T09:11:07","modified_gmt":"2026-07-21T09:11:07","slug":"india-kutsus-nelja-india-meremehe-hukkumise-parast-odessa-lahistel-valja-venemaa-asjuri","status":"publish","type":"post","link":"https:\/\/www.europesays.com\/ee\/233073\/","title":{"rendered":"India kutsus nelja India meremehe hukkumise p\u00e4rast Odessa l\u00e4histel v\u00e4lja Venemaa asjuri"},"content":{"rendered":"<p>India v\u00e4lisministeerium teatas hiljem oma avalduses, et New Delhi teatas s\u00fcgavast murest ja \u00fchem\u00f5ttelisest hukkam\u00f5istust Golden Leo r\u00fcndamisele, mille tagaj\u00e4rg oli nelja indialase elu traagiline kaotus, ning r\u00f5hutas, et sellised r\u00fcnnakud \u00f5\u00f5nestavad rahvusvahelise merekaubanduse ohutust, julgeolekut ja stabiilsust, vahendab India uudistekanal NDTV.<\/p>\n<p>\u201eVenemaa asjuril paluti edastada oma v\u00f5imudele India t\u00f5sine mure, et kommertslaevanduse sihikule v\u00f5tmine ja s\u00fc\u00fctute tsiviilisikute elude kaotus selle tagaj\u00e4rjel on vastuv\u00f5etamatu ja seda tuleb v\u00e4ltida,\u201c \u00f6eldakse India v\u00e4lisministeeriumi avalduses.<\/p>\n<p>Laeva 17 meeskonnaliikme hulgas oli viis indialast. Vene raketil\u00f6\u00f6gi t\u00f5ttu hukkusid \u00fcheksa meeskonnaliiget: neli indialast ja viis s\u00fc\u00fcrlast ning Ukraina loots.<\/p>\n<p>Kuidas see lugu Sind end tundma pani? Saada <a href=\"https:\/\/www.delfi.ee\/artikkel\/120598583\/india-kutsus-nelja-india-meremehe-hukkumise-parast-odessa-lahistel-valja-venemaa-asjuri\/kommentaarid\" class=\"article-body-bottom__comment article-body-bottom__comment--write button button--primary button--size-auto\" rel=\"nofollow noopener\" target=\"_blank\"> Kommenteeri <\/a><a href=\"https:\/\/www.delfi.ee\/artikkel\/120598583\/india-kutsus-nelja-india-meremehe-hukkumise-parast-odessa-lahistel-valja-venemaa-asjuri\/kommentaarid\" class=\"article-body-bottom__comment article-body-bottom__comment--read button button--size-auto\" rel=\"nofollow noopener\" target=\"_blank\"> Loe kommentaare (8)<\/a><\/p>\n","protected":false},"excerpt":{"rendered":"India v\u00e4lisministeerium teatas hiljem oma avalduses, et New Delhi teatas s\u00fcgavast murest ja \u00fchem\u00f5ttelisest hukkam\u00f5istust Golden Leo r\u00fcndamisele,&hellip;\n","protected":false},"author":2,"featured_media":233074,"comment_status":"","ping_status":"","sticky":false,"template":"","format":"standard","meta":{"footnotes":"","_share_on_mastodon":"0"},"categories":[80],"tags":[26,27,37,33,35,34,36,31,32,21,1207,28,29,95,22055,19,3254,25,107,23,24,262,22,20,96,30,92,93,94],"class_list":["post-233073","post","type-post","status-publish","format-standard","has-post-thumbnail","category-maailm","tag-breaking-news","tag-breakingnews","tag-ee","tag-eesti","tag-eesti-keel","tag-estonia","tag-estonian","tag-featured-news","tag-featurednews","tag-headlines","tag-india","tag-latest-news","tag-latestnews","tag-maailm","tag-new-delhi","tag-news","tag-odessa","tag-populaarseimad-lood","tag-soda-ukrainas","tag-top-stories","tag-topstories","tag-ukraina","tag-uldised-uudised","tag-uudised","tag-venemaa","tag-viimased-uudised","tag-world","tag-world-news","tag-worldnews"],"share_on_mastodon":{"url":"https:\/\/pubeurope.com\/@ee\/116957196284386234","error":""},"_links":{"self":[{"href":"https:\/\/www.europesays.com\/ee\/wp-json\/wp\/v2\/posts\/233073","targetHints":{"allow":["GET"]}}],"collection":[{"href":"https:\/\/www.europesays.com\/ee\/wp-json\/wp\/v2\/posts"}],"about":[{"href":"https:\/\/www.europesays.com\/ee\/wp-json\/wp\/v2\/types\/post"}],"author":[{"embeddable":true,"href":"https:\/\/www.europesays.com\/ee\/wp-json\/wp\/v2\/users\/2"}],"replies":[{"embeddable":true,"href":"https:\/\/www.europesays.com\/ee\/wp-json\/wp\/v2\/comments?post=233073"}],"version-history":[{"count":0,"href":"https:\/\/www.europesays.com\/ee\/wp-json\/wp\/v2\/posts\/233073\/revisions"}],"wp:featuredmedia":[{"embeddable":true,"href":"https:\/\/www.europesays.com\/ee\/wp-json\/wp\/v2\/media\/233074"}],"wp:attachment":[{"href":"https:\/\/www.europesays.com\/ee\/wp-json\/wp\/v2\/media?parent=233073"}],"wp:term":[{"taxonomy":"category","embeddable":true,"href":"https:\/\/www.europesays.com\/ee\/wp-json\/wp\/v2\/categories?post=233073"},{"taxonomy":"post_tag","embeddable":true,"href":"https:\/\/www.europesays.com\/ee\/wp-json\/wp\/v2\/tags?post=233073"}],"curies":[{"name":"wp","href":"https:\/\/api.w.org\/{rel}","templated":true}]}}