{"id":233148,"date":"2026-07-21T10:37:13","date_gmt":"2026-07-21T10:37:13","guid":{"rendered":"https:\/\/www.europesays.com\/ee\/233148\/"},"modified":"2026-07-21T10:37:13","modified_gmt":"2026-07-21T10:37:13","slug":"pikk-ette-ja-ise-jarele-las-olla-loll-ja-laila-ameerika-jalgpall-paastis-ikkagi-mm-i-soccernet-ee","status":"publish","type":"post","link":"https:\/\/www.europesays.com\/ee\/233148\/","title":{"rendered":"Pikk ette (ja ise j\u00e4rele) | Las olla loll ja l\u00e4ila Ameerika, jalgpall p\u00e4\u00e4stis ikkagi MM-i &#8211; Soccernet.ee"},"content":{"rendered":"<p>&#13;\n<\/p>\n<p>Soccernet.ee taskuh\u00e4\u00e4lingusaate &#8220;Pikk ette (ja ise j\u00e4rele)&#8221; 389. osa vaatab tagasi Hispaania v\u00f5iduga l\u00f5ppenud MM-finaalile ja kogu finaalturniirile. Eesti klubid olid eurosarjas edukad, mida oodata j\u00e4rgmisest ringist? Saate tegid Kristjan Jaak Kangur, Kaarel T\u00e4ll ja Markus J\u00fcrgenson.<\/p>\n<p>Hispaania krooniti maailmameistriks teenitult, aga kas Argentina hambutus \u00fcllatas? Kas pronksim\u00e4ng \u00f5igustas k\u00fcmne v\u00e4ravaga enda olemasolu? Mis meile MM-ist k\u00f5ige rohkem meelde j\u00e4i? Kas ameeriklased rikkusid turniiri \u00e4ra?&#13;\n<\/p>\n<p>Lisaks Levadiale p\u00e4\u00e4sesid eurosarjas j\u00e4rgmisesse ringi ka Paide ja N\u00f5mme Kalju, aga m\u00f5lemad j\u00e4id n\u00e4dalavahetusel koduliigas h\u00e4tta ja Flora niisamuti. Mis k\u00f5igi kolmega juhtus? Kas Narva Transi on veel liiga vara maha matta?<\/p>\n<p>Lisaks vaatame otsa ennustuse seisule ja parandame J\u00fcrgensoni n\u00f5udmisel suure vea. Juttu tuleb ka Karol Metsa uuest klubist &#8211; oli Saksamaale j\u00e4\u00e4mine ikka hea otsus?&#13;\n<\/p>\n<p>Saatekava:&#13;\n<\/p>\n<p>00:00 Viis n\u00e4dalat MM-lainel<br \/>&#13;<br \/>\n08:30 Kurioosumjalgpall!<br \/>&#13;<br \/>\n13:00 Finaal l\u00e4ks \u00fchte auku<br \/>&#13;<br \/>\n23:40 Parim meeskond v\u00f5itis<br \/>&#13;<br \/>\n31:00 S\u00f5ge pronksim\u00e4ng<br \/>&#13;<br \/>\n36:20 Trumpi seiklused<br \/>&#13;<br \/>\n41:45 Las olla Ameerika!<br \/>&#13;<br \/>\n51:00 \u00dclik\u00f5va, Levadia!<br \/>&#13;<br \/>\n55:00 Paide t\u00f5us ja langus<br \/>&#13;<br \/>\n01:07:00 Flora ekstreemolukord<br \/>&#13;<br \/>\n01:11:00 Peatreenerita Kalju purakas<br \/>&#13;<br \/>\n01:18:00 Trans elab veel<br \/>&#13;<br \/>\n01:21:00 Premium liiga ennustus<br \/>&#13;<br \/>\n01:24:00 Karol Mets Bochumis&#13;\n<\/p>\n<p>&#13;<\/p>\n","protected":false},"excerpt":{"rendered":"&#13; Soccernet.ee taskuh\u00e4\u00e4lingusaate &#8220;Pikk ette (ja ise j\u00e4rele)&#8221; 389. osa vaatab tagasi Hispaania v\u00f5iduga l\u00f5ppenud MM-finaalile ja kogu&hellip;\n","protected":false},"author":2,"featured_media":233149,"comment_status":"","ping_status":"","sticky":false,"template":"","format":"standard","meta":{"footnotes":"","_share_on_mastodon":"0"},"categories":[18],"tags":[5000,37,33,35,34,36,161,1572,163,110,1357,7310,1358,6890,1359,907,501,5971,5972,167,159,158],"class_list":["post-233148","post","type-post","status-publish","format-standard","has-post-thumbnail","category-sport","tag-argentina","tag-ee","tag-eesti","tag-eesti-keel","tag-estonia","tag-estonian","tag-fc-flora","tag-fci-levadia","tag-flora","tag-hispaania","tag-kalju","tag-konverentsiliiga","tag-levadia","tag-mm2026","tag-nomme-kalju","tag-paide","tag-paide-linnameeskond","tag-pikk-ette","tag-pikk-ette-ja-ise-jarele","tag-premium-liiga","tag-sport","tag-sports"],"share_on_mastodon":{"url":"https:\/\/pubeurope.com\/@ee\/116957534272672028","error":""},"_links":{"self":[{"href":"https:\/\/www.europesays.com\/ee\/wp-json\/wp\/v2\/posts\/233148","targetHints":{"allow":["GET"]}}],"collection":[{"href":"https:\/\/www.europesays.com\/ee\/wp-json\/wp\/v2\/posts"}],"about":[{"href":"https:\/\/www.europesays.com\/ee\/wp-json\/wp\/v2\/types\/post"}],"author":[{"embeddable":true,"href":"https:\/\/www.europesays.com\/ee\/wp-json\/wp\/v2\/users\/2"}],"replies":[{"embeddable":true,"href":"https:\/\/www.europesays.com\/ee\/wp-json\/wp\/v2\/comments?post=233148"}],"version-history":[{"count":0,"href":"https:\/\/www.europesays.com\/ee\/wp-json\/wp\/v2\/posts\/233148\/revisions"}],"wp:featuredmedia":[{"embeddable":true,"href":"https:\/\/www.europesays.com\/ee\/wp-json\/wp\/v2\/media\/233149"}],"wp:attachment":[{"href":"https:\/\/www.europesays.com\/ee\/wp-json\/wp\/v2\/media?parent=233148"}],"wp:term":[{"taxonomy":"category","embeddable":true,"href":"https:\/\/www.europesays.com\/ee\/wp-json\/wp\/v2\/categories?post=233148"},{"taxonomy":"post_tag","embeddable":true,"href":"https:\/\/www.europesays.com\/ee\/wp-json\/wp\/v2\/tags?post=233148"}],"curies":[{"name":"wp","href":"https:\/\/api.w.org\/{rel}","templated":true}]}}