{"id":233157,"date":"2026-07-21T10:47:06","date_gmt":"2026-07-21T10:47:06","guid":{"rendered":"https:\/\/www.europesays.com\/ee\/233157\/"},"modified":"2026-07-21T10:47:06","modified_gmt":"2026-07-21T10:47:06","slug":"videod-robbie-williamsi-mikrofonile-kukkus-intervjuu-ajal-valge-tukk-millega-oli-tegemist","status":"publish","type":"post","link":"https:\/\/www.europesays.com\/ee\/233157\/","title":{"rendered":"VIDEOD | Robbie Williamsi mikrofonile kukkus intervjuu ajal valge t\u00fckk. Millega oli tegemist?"},"content":{"rendered":"<p>Robbie Williams astus p\u00fchap\u00e4eval, 19. juulil poolteist tundi enne avavilet \u00fcles jalgpalli MM-finaali l\u00f5putseremoonial, kus esines koos Laura Pausini ja Nicole Scherzingeriga. Enne etteastet andis laulja intervjuu Saksamaa telekanalile Magenta Sport, millest hakkas hiljem sotsiaalmeedias kulutulena levima \u00fcks l\u00fchike videoklipp.<\/p>\n<p>Intervjuu alguses j\u00e4i kaamerasse hetk, mil laulja ees olnud mikrofonile kukkus midagi valget. Telepilti j\u00e4lgides j\u00e4i inimestele mulje, et see kukkus v\u00e4lja laulja ninast. Williams p\u00fchkis mikrofonil oleva aine s\u00f5rmega \u00e4ra ning puudutas hetk hiljem sama k\u00e4ega oma otsaesist. M\u00f5nesekundiline videoklipp levis kiiresti sotsiaalmeedias ning osa vaatajaid spekuleeris, et tegemist v\u00f5is olla ninast v\u00e4lja kukkunud kokaiiniga.<\/p>\n<p>Williams otsustas sotsiaalmeedias kuulujuttudele vastata. Ta avaldas Instagramis humoorika video, kus lebab voodis ja palub vabandust eelmisel p\u00e4eval mikrofonile kukkunud \u201eobjekti\u201c p\u00e4rast.<\/p>\n<p>\u201eSee oli v\u00e4ga ebaprofessionaalne ja inimesed olid minu p\u00e4rast mures. Aga \u00e4rge muretsege, mul on neid veel palju,\u201c \u00fctleb ta muiates. Seej\u00e4rel avab laulja suu, kust paistavad valged pastillid. Nii annab ta m\u00f5ista, et intervjuu ajal n\u00e4htu oli t\u00f5en\u00e4oliselt pastill.<\/p>\n<p>Williamsi video kogus kiiresti hulga reaktsioone. Laulja Michael Bubl\u00e9 nimetas teda kommentaarides \u201eLegendiks\u201c, samal ajal kui muusik Rudy Schmudy jagas intervjuust kaadreid ning viskas laulja kulul nalja. Mitmed sotsiaalmeedia kasutajad j\u00f5udsid aga videot vaadates j\u00e4reldusele, et midagi valget kukkus Williamsi suust, mitte ninast, nagu esialgu arvati.<\/p>\n<p>Kuidas see lugu Sind end tundma pani? Saada <a href=\"https:\/\/kroonika.delfi.ee\/artikkel\/120598554\/videod-robbie-williamsi-mikrofonile-kukkus-intervjuu-ajal-valge-tukk-millega-oli-tegemist\/kommentaarid\" class=\"article-body-bottom__comment article-body-bottom__comment--write button button--primary button--size-auto\" rel=\"nofollow noopener\" target=\"_blank\"> Kommenteeri <\/a><a href=\"https:\/\/kroonika.delfi.ee\/artikkel\/120598554\/videod-robbie-williamsi-mikrofonile-kukkus-intervjuu-ajal-valge-tukk-millega-oli-tegemist\/kommentaarid\" class=\"article-body-bottom__comment article-body-bottom__comment--read button button--size-auto\" rel=\"nofollow noopener\" target=\"_blank\"> Loe kommentaare <\/a><\/p>\n","protected":false},"excerpt":{"rendered":"Robbie Williams astus p\u00fchap\u00e4eval, 19. juulil poolteist tundi enne avavilet \u00fcles jalgpalli MM-finaali l\u00f5putseremoonial, kus esines koos Laura&hellip;\n","protected":false},"author":2,"featured_media":233158,"comment_status":"","ping_status":"","sticky":false,"template":"","format":"standard","meta":{"footnotes":"","_share_on_mastodon":"0"},"categories":[16],"tags":[37,33,35,173,34,36,140,2211],"class_list":["post-233157","post","type-post","status-publish","format-standard","has-post-thumbnail","category-meelelahutus","tag-ee","tag-eesti","tag-eesti-keel","tag-entertainment","tag-estonia","tag-estonian","tag-meelelahutus","tag-robbie-williams"],"share_on_mastodon":{"url":"https:\/\/pubeurope.com\/@ee\/116957573497598269","error":""},"_links":{"self":[{"href":"https:\/\/www.europesays.com\/ee\/wp-json\/wp\/v2\/posts\/233157","targetHints":{"allow":["GET"]}}],"collection":[{"href":"https:\/\/www.europesays.com\/ee\/wp-json\/wp\/v2\/posts"}],"about":[{"href":"https:\/\/www.europesays.com\/ee\/wp-json\/wp\/v2\/types\/post"}],"author":[{"embeddable":true,"href":"https:\/\/www.europesays.com\/ee\/wp-json\/wp\/v2\/users\/2"}],"replies":[{"embeddable":true,"href":"https:\/\/www.europesays.com\/ee\/wp-json\/wp\/v2\/comments?post=233157"}],"version-history":[{"count":0,"href":"https:\/\/www.europesays.com\/ee\/wp-json\/wp\/v2\/posts\/233157\/revisions"}],"wp:featuredmedia":[{"embeddable":true,"href":"https:\/\/www.europesays.com\/ee\/wp-json\/wp\/v2\/media\/233158"}],"wp:attachment":[{"href":"https:\/\/www.europesays.com\/ee\/wp-json\/wp\/v2\/media?parent=233157"}],"wp:term":[{"taxonomy":"category","embeddable":true,"href":"https:\/\/www.europesays.com\/ee\/wp-json\/wp\/v2\/categories?post=233157"},{"taxonomy":"post_tag","embeddable":true,"href":"https:\/\/www.europesays.com\/ee\/wp-json\/wp\/v2\/tags?post=233157"}],"curies":[{"name":"wp","href":"https:\/\/api.w.org\/{rel}","templated":true}]}}