{"id":233175,"date":"2026-07-21T11:01:10","date_gmt":"2026-07-21T11:01:10","guid":{"rendered":"https:\/\/www.europesays.com\/ee\/233175\/"},"modified":"2026-07-21T11:01:10","modified_gmt":"2026-07-21T11:01:10","slug":"india-prussakate-partei-nouab-haridusministri-tagasiastumist","status":"publish","type":"post","link":"https:\/\/www.europesays.com\/ee\/233175\/","title":{"rendered":"India Prussakate partei n\u00f5uab haridusministri tagasiastumist"},"content":{"rendered":"<p>Tuhanded meeleavaldajad kogunesid esmasp\u00e4eval India pealinna New Delhi s\u00fcdamesse, n\u00f5udes satiirilise Prussakate Rahvapartei (CJP) veebiliikumise korraldatud j\u00f5udemonstratsioonil haridusminister Dharmendra Pradhani tagasiastumist ja laiaulatuslikumaid eksamireforme.<\/p>\n<p>India &#8220;Prussakate partei&#8221; teatas teisip\u00e4eval, et j\u00e4tkab protestikampaaniat kuni haridusministri tagasiastumiseni. Teade tuli p\u00e4ev p\u00e4rast seda, kui New Delhis toimunud protestides sai vigastada v\u00e4hemalt 180 inimest.<\/p>\n","protected":false},"excerpt":{"rendered":"Tuhanded meeleavaldajad kogunesid esmasp\u00e4eval India pealinna New Delhi s\u00fcdamesse, n\u00f5udes satiirilise Prussakate Rahvapartei (CJP) veebiliikumise korraldatud j\u00f5udemonstratsioonil haridusminister&hellip;\n","protected":false},"author":2,"featured_media":233176,"comment_status":"","ping_status":"","sticky":false,"template":"","format":"standard","meta":{"footnotes":"","_share_on_mastodon":"0"},"categories":[80],"tags":[26,27,93226,37,33,35,93227,34,36,31,32,10682,21,1207,28,29,95,2390,22055,19,25,93225,23,24,93228,22,20,30,92,93,94],"class_list":["post-233175","post","type-post","status-publish","format-standard","has-post-thumbnail","category-maailm","tag-breaking-news","tag-breakingnews","tag-cjp","tag-ee","tag-eesti","tag-eesti-keel","tag-eksamireform","tag-estonia","tag-estonian","tag-featured-news","tag-featurednews","tag-haridussusteem","tag-headlines","tag-india","tag-latest-news","tag-latestnews","tag-maailm","tag-narendra-modi","tag-new-delhi","tag-news","tag-populaarseimad-lood","tag-prussakate-rahvapartei","tag-top-stories","tag-topstories","tag-tudengiprotestid","tag-uldised-uudised","tag-uudised","tag-viimased-uudised","tag-world","tag-world-news","tag-worldnews"],"share_on_mastodon":{"url":"https:\/\/pubeurope.com\/@ee\/116957628763601555","error":""},"_links":{"self":[{"href":"https:\/\/www.europesays.com\/ee\/wp-json\/wp\/v2\/posts\/233175","targetHints":{"allow":["GET"]}}],"collection":[{"href":"https:\/\/www.europesays.com\/ee\/wp-json\/wp\/v2\/posts"}],"about":[{"href":"https:\/\/www.europesays.com\/ee\/wp-json\/wp\/v2\/types\/post"}],"author":[{"embeddable":true,"href":"https:\/\/www.europesays.com\/ee\/wp-json\/wp\/v2\/users\/2"}],"replies":[{"embeddable":true,"href":"https:\/\/www.europesays.com\/ee\/wp-json\/wp\/v2\/comments?post=233175"}],"version-history":[{"count":0,"href":"https:\/\/www.europesays.com\/ee\/wp-json\/wp\/v2\/posts\/233175\/revisions"}],"wp:featuredmedia":[{"embeddable":true,"href":"https:\/\/www.europesays.com\/ee\/wp-json\/wp\/v2\/media\/233176"}],"wp:attachment":[{"href":"https:\/\/www.europesays.com\/ee\/wp-json\/wp\/v2\/media?parent=233175"}],"wp:term":[{"taxonomy":"category","embeddable":true,"href":"https:\/\/www.europesays.com\/ee\/wp-json\/wp\/v2\/categories?post=233175"},{"taxonomy":"post_tag","embeddable":true,"href":"https:\/\/www.europesays.com\/ee\/wp-json\/wp\/v2\/tags?post=233175"}],"curies":[{"name":"wp","href":"https:\/\/api.w.org\/{rel}","templated":true}]}}