{"id":233208,"date":"2026-07-21T11:43:12","date_gmt":"2026-07-21T11:43:12","guid":{"rendered":"https:\/\/www.europesays.com\/ee\/233208\/"},"modified":"2026-07-21T11:43:12","modified_gmt":"2026-07-21T11:43:12","slug":"pohlak-soccernet-ee-s-ilmunud-arvamusest-sellisele-asjale-oleks-voinud-vastu-lajatada-igal-tasandil-soccernet-ee","status":"publish","type":"post","link":"https:\/\/www.europesays.com\/ee\/233208\/","title":{"rendered":"Pohlak Soccernet.ee-s ilmunud arvamusest: sellisele asjale oleks v\u00f5inud vastu lajatada igal tasandil &#8211; Soccernet.ee"},"content":{"rendered":"<p><img decoding=\"async\" src=\"https:\/\/www.europesays.com\/ee\/wp-content\/uploads\/2026\/07\/1784633083.jpg\" alt=\"Eesti Jalgpalli Liidu president Aivar Pohlak. Foto: Sander Ilvest\"\/>&#13;\n<\/p>\n<p>Eesti Jalgpalli Liidu president Aivar Pohlak vastas Vikerraadio saatesarjas\u00a0&#8220;Me oleme t\u0161empionid!&#8221; Soccernet.ee ajakirjaniku Siim Pulsti arvamusele Gianni Infantino \u00fclistamisega.<\/p>\n<p>Kaks n\u00e4dalat tagasi t\u00f5statas Siim Pulst oma arvamusartiklis k\u00fcsimuse, miks peavad MM-i vaatajad ligi pooltel m\u00e4ngudel \u00e4ra n\u00e4gema ka FIFA juhi Gianni Infantino t\u00f6\u00f6- ja reisiv\u00e4sinud n\u00e4o. &#8220;Milleks see k\u00f5ik? Eks ikka selleks, et n\u00e4idata kogu maailmale Infantino \u00fcleinimlikku p\u00fchendumust, suruda tema reisiv\u00e4simusest kotti vajunud n\u00e4gu iga jalgpallis\u00f5bra ekraanile ja sundida meid seda vahtima l\u00e4bi terve MM-i. Et viimne kui \u00fcks meist saaks aru, kes on bosside boss, ilma kelle isikliku kohaloluta ei ole m\u00e4ng t\u00e4isv\u00e4\u00e4rtuslik,&#8221; kirjutas Pulst.&#13;\n<\/p>\n<p>Ta j\u00e4tkas, tuues v\u00e4lja ka, kui suurt kahju teeb pidev eralennukiga traageldamine keskkonnale ning kuidas saaks seda ressurssi hoopis paremini kasutada. N\u00e4iteks suunata reisimiseks kuluvat raha hoopis kohtadesse, kus jalgpall pole veel nii arenenud.&#13;\n<\/p>\n<p><a href=\"https:\/\/vikerraadio.err.ee\/1610070839\" target=\"_blank\" rel=\"nofollow noopener\">Vikerraadio saates &#8220;Me oleme t\u0161empionid!&#8221;<\/a> r\u00e4\u00e4kis Eesti Jalgpalli Liidu president saatejuhi Ivar Lepiku k\u00fcsimuse peale samuti Infantinost. Ta kirjeldas Itaaliast p\u00e4rit jalgpallijuhti ning tema otsuseid ja saavutusi vaid heade s\u00f5nadega. &#8220;Gianni on suurep\u00e4rane juht, suurep\u00e4rane inimene ja suurep\u00e4rane s\u00f5ber. Ustav, s\u00f5bralik, toetav, lahendustele orienteeritud,&#8221; hindas Pohlak. &#8220;K\u00f5ik on ehe ja siiras, Gianni ei ole v\u00f5lts.&#8221;<\/p>\n<p>Seej\u00e4rel v\u00f5ttiski ta ette Pulsti kirjat\u00fcki. &#8220;Siim Pulst kirjutas Soccernetis, et miks ma pean vahtima Gianni Infantino kottis silmaaluseid. Ma arvan, et sellisele asjale oleks v\u00f5inud vastu lajatada igal tasandil. Ega ei pea, see on l\u00f5puks su vaba valik. Aga ta ei tee seda sellep\u00e4rast, et ennast eksponeerida. Ta teeb seda sellep\u00e4rast, et ta p\u00e4riselt armastab seda m\u00e4ngu ja ta tahab seda maailma edasi viia,&#8221; andis Pohlak vastulause.&#13;\n<\/p>\n<p>&#8220;Minuga on t\u00e4pselt sama lugu &#8211; ma armastan seda m\u00e4ngu meeletult. Aga v\u00e4ga paljud inimesed, kes elavad teistmoodi v\u00f5i on elanud teistmoodi, miskip\u00e4rast ei usu seda. Aga nii on. Minu arvates on ta maailma jalgpallile olnud v\u00e4ga hea juht.&#8221;&#13;\n<\/p>\n<p>Infantino ja tema juhitud FIFA said k\u00f5vasti kriitikat MM-il olnud kohustuslike joogipauside (m\u00f5ne jaoks reklaamipausid), finaali vaheaja peaaegu poolele tunnile venitanud \u0161\u00f5u ja USA r\u00fcndaja Folarin Baloguni punase kaardi t\u00fchistamise t\u00f5ttu. Ka on tulnud vastakat tagasisidet ideele laiendada MM 64 koondisele.&#13;\n<\/p>\n<p><a href=\"https:\/\/vikerraadio.err.ee\/1610070839\" target=\"_blank\" rel=\"nofollow noopener\">Saadet saab j\u00e4relkuulata siit.<\/a><\/p>\n","protected":false},"excerpt":{"rendered":"&#13; Eesti Jalgpalli Liidu president Aivar Pohlak vastas Vikerraadio saatesarjas\u00a0&#8220;Me oleme t\u0161empionid!&#8221; Soccernet.ee ajakirjaniku Siim Pulsti arvamusele Gianni&hellip;\n","protected":false},"author":2,"featured_media":233209,"comment_status":"","ping_status":"","sticky":false,"template":"","format":"standard","meta":{"footnotes":"","_share_on_mastodon":"0"},"categories":[18],"tags":[430,37,33,35,1346,34,36,3223,3224,7686,435,93235,56888,159,158],"class_list":["post-233208","post","type-post","status-publish","format-standard","has-post-thumbnail","category-sport","tag-aivar-pohlak","tag-ee","tag-eesti","tag-eesti-keel","tag-ejl","tag-estonia","tag-estonian","tag-fifa","tag-gianni-infantino","tag-infantino","tag-pohlak","tag-pulst","tag-siim-pulst","tag-sport","tag-sports"],"share_on_mastodon":{"url":"https:\/\/pubeurope.com\/@ee\/116957794223554093","error":""},"_links":{"self":[{"href":"https:\/\/www.europesays.com\/ee\/wp-json\/wp\/v2\/posts\/233208","targetHints":{"allow":["GET"]}}],"collection":[{"href":"https:\/\/www.europesays.com\/ee\/wp-json\/wp\/v2\/posts"}],"about":[{"href":"https:\/\/www.europesays.com\/ee\/wp-json\/wp\/v2\/types\/post"}],"author":[{"embeddable":true,"href":"https:\/\/www.europesays.com\/ee\/wp-json\/wp\/v2\/users\/2"}],"replies":[{"embeddable":true,"href":"https:\/\/www.europesays.com\/ee\/wp-json\/wp\/v2\/comments?post=233208"}],"version-history":[{"count":0,"href":"https:\/\/www.europesays.com\/ee\/wp-json\/wp\/v2\/posts\/233208\/revisions"}],"wp:featuredmedia":[{"embeddable":true,"href":"https:\/\/www.europesays.com\/ee\/wp-json\/wp\/v2\/media\/233209"}],"wp:attachment":[{"href":"https:\/\/www.europesays.com\/ee\/wp-json\/wp\/v2\/media?parent=233208"}],"wp:term":[{"taxonomy":"category","embeddable":true,"href":"https:\/\/www.europesays.com\/ee\/wp-json\/wp\/v2\/categories?post=233208"},{"taxonomy":"post_tag","embeddable":true,"href":"https:\/\/www.europesays.com\/ee\/wp-json\/wp\/v2\/tags?post=233208"}],"curies":[{"name":"wp","href":"https:\/\/api.w.org\/{rel}","templated":true}]}}